{"id":1098,"date":"2017-07-26T07:14:34","date_gmt":"2017-07-26T07:14:34","guid":{"rendered":"https:\/\/www.semanasantavinaros.es\/ss\/?p=1098"},"modified":"2017-07-26T07:15:57","modified_gmt":"2017-07-26T07:15:57","slug":"elecciones-a-presidente-entre-los-cofrades-de-las-cofradias","status":"publish","type":"post","link":"https:\/\/www.semanasantavinaros.es\/ss\/elecciones-a-presidente-entre-los-cofrades-de-las-cofradias\/","title":{"rendered":"Elecciones a Presidente  entre los cofrades de las Cofrad\u00edas"},"content":{"rendered":"<p><img decoding=\"async\" loading=\"lazy\" class=\" wp-image-864 alignleft\" src=\"https:\/\/www.semanasantavinaros.es\/ss\/wp-content\/uploads\/cropped-ss-e1456333016204.jpg\" alt=\"cropped-ss-e1456333016204.jpg\" width=\"155\" height=\"155\" srcset=\"https:\/\/www.semanasantavinaros.es\/ss\/wp-content\/uploads\/cropped-ss-e1456333016204.jpg 512w, https:\/\/www.semanasantavinaros.es\/ss\/wp-content\/uploads\/cropped-ss-e1456333016204-150x150.jpg 150w, https:\/\/www.semanasantavinaros.es\/ss\/wp-content\/uploads\/cropped-ss-e1456333016204-300x300.jpg 300w, https:\/\/www.semanasantavinaros.es\/ss\/wp-content\/uploads\/cropped-ss-e1456333016204-458x458.jpg 458w, https:\/\/www.semanasantavinaros.es\/ss\/wp-content\/uploads\/cropped-ss-e1456333016204-270x270.jpg 270w, https:\/\/www.semanasantavinaros.es\/ss\/wp-content\/uploads\/cropped-ss-e1456333016204-192x192.jpg 192w, https:\/\/www.semanasantavinaros.es\/ss\/wp-content\/uploads\/cropped-ss-e1456333016204-180x180.jpg 180w, https:\/\/www.semanasantavinaros.es\/ss\/wp-content\/uploads\/cropped-ss-e1456333016204-32x32.jpg 32w\" sizes=\"(max-width: 155px) 100vw, 155px\" \/>La Federaci\u00f3n de Cofrad\u00edas, al hacer expirado el plazo de mandato, convoca elecciones a Presidente entre los cofrades de las Cofrad\u00edas de la Semana santa de Vinar\u00f2s.<br \/>\nLas candidaturas se presentar\u00e1n en la Parroquia de Ntra, Sra. de la Asunci\u00f3n de Vinar\u00f2s, en horas de despacho.<br \/>\nEs necesario un tel\u00e9fono de contacto.<br \/>\nFin de plazo de presentaci\u00f3n de candidaturas:<br \/>\nDia 15 de septiembre pr\u00f3ximo.<\/p>\n<p>Vinar\u00f2s, julio 2017<br \/>\nEl Presidente: Salvador Oliver Foix<\/p>\n","protected":false},"excerpt":{"rendered":"<p>La Federaci\u00f3n de Cofrad\u00edas, al hacer expirado el plazo de mandato, convoca elecciones a Presidente entre los cofrades de las Cofrad\u00edas de la Semana santa de Vinar\u00f2s. Las candidaturas se presentar\u00e1n en la Parroquia de Ntra, Sra. de la Asunci\u00f3n de Vinar\u00f2s, en horas de despacho. Es necesario un tel\u00e9fono de contacto. Fin de plazo&nbsp;<\/p>\n<p><a class=\"btn btn-style\" href=\"https:\/\/www.semanasantavinaros.es\/ss\/elecciones-a-presidente-entre-los-cofrades-de-las-cofradias\/\">Continue Reading<\/a><\/p>\n","protected":false},"author":1,"featured_media":864,"comment_status":"open","ping_status":"open","sticky":false,"template":"","format":"standard","meta":{"_mi_skip_tracking":false},"categories":[6],"tags":[],"_links":{"self":[{"href":"https:\/\/www.semanasantavinaros.es\/ss\/wp-json\/wp\/v2\/posts\/1098"}],"collection":[{"href":"https:\/\/www.semanasantavinaros.es\/ss\/wp-json\/wp\/v2\/posts"}],"about":[{"href":"https:\/\/www.semanasantavinaros.es\/ss\/wp-json\/wp\/v2\/types\/post"}],"author":[{"embeddable":true,"href":"https:\/\/www.semanasantavinaros.es\/ss\/wp-json\/wp\/v2\/users\/1"}],"replies":[{"embeddable":true,"href":"https:\/\/www.semanasantavinaros.es\/ss\/wp-json\/wp\/v2\/comments?post=1098"}],"version-history":[{"count":2,"href":"https:\/\/www.semanasantavinaros.es\/ss\/wp-json\/wp\/v2\/posts\/1098\/revisions"}],"predecessor-version":[{"id":1100,"href":"https:\/\/www.semanasantavinaros.es\/ss\/wp-json\/wp\/v2\/posts\/1098\/revisions\/1100"}],"wp:featuredmedia":[{"embeddable":true,"href":"https:\/\/www.semanasantavinaros.es\/ss\/wp-json\/wp\/v2\/media\/864"}],"wp:attachment":[{"href":"https:\/\/www.semanasantavinaros.es\/ss\/wp-json\/wp\/v2\/media?parent=1098"}],"wp:term":[{"taxonomy":"category","embeddable":true,"href":"https:\/\/www.semanasantavinaros.es\/ss\/wp-json\/wp\/v2\/categories?post=1098"},{"taxonomy":"post_tag","embeddable":true,"href":"https:\/\/www.semanasantavinaros.es\/ss\/wp-json\/wp\/v2\/tags?post=1098"}],"curies":[{"name":"wp","href":"https:\/\/api.w.org\/{rel}","templated":true}]}}