{"id":1131,"date":"2018-03-22T09:47:59","date_gmt":"2018-03-22T09:47:59","guid":{"rendered":"https:\/\/www.semanasantavinaros.es\/ss\/?p=1131"},"modified":"2018-03-22T09:58:54","modified_gmt":"2018-03-22T09:58:54","slug":"exposicion-de-mater-dolorosa-per-moles","status":"publish","type":"post","link":"https:\/\/www.semanasantavinaros.es\/ss\/exposicion-de-mater-dolorosa-per-moles\/","title":{"rendered":"Exposici\u00f3n de Mater Dolorosa per Mol\u00e9s"},"content":{"rendered":"<p>El presidente de la Federaci\u00f3n de cofrad\u00edas; <a class=\"profileLink\" href=\"https:\/\/www.facebook.com\/marc.mendezviver?fref=mentions\" data-ft=\"{&quot;tn&quot;:&quot;-]&quot;}\" data-hovercard=\"\/ajax\/hovercard\/user.php?id=100001933587783&amp;extragetparams=%7B%22fref%22%3A%22mentions%22%7D\" data-hovercard-prefer-more-content-show=\"1\">Marc M\u00e9ndez Viver<\/a> quiere pedir disculpas p\u00fablicamente en la persona de <a class=\"profileLink\" href=\"https:\/\/www.facebook.com\/helenaromancaro?fref=mentions\" data-ft=\"{&quot;tn&quot;:&quot;-]&quot;}\" data-hovercard=\"\/ajax\/hovercard\/user.php?id=1354441662&amp;extragetparams=%7B%22fref%22%3A%22mentions%22%7D\" data-hovercard-prefer-more-content-show=\"1\">Helena Roman<\/a> porque en la rueda de prensa de presentaci\u00f3n de los actos de la Semana Santa 2018, el presidente no present\u00f3 la exposici\u00f3n de Mater Dolorosa per Mol\u00e9s de <a class=\"profileLink\" href=\"https:\/\/www.facebook.com\/Amics-de-Vinar\u00f2s-216005442205607\/?fref=mentions\" data-hovercard=\"\/ajax\/hovercard\/page.php?id=216005442205607&amp;extragetparams=%7B%22fref%22%3A%22mentions%22%7D\" data-hovercard-prefer-more-content-show=\"1\">Amics de Vinar\u00f2s<\/a>. Por ello difundimos y promocionamos esta exposici\u00f3n de car\u00e1cter religioso. Y que pueden disfrutarla hasta el 31 de marzo de martes a viernes de 9:30 a 13:00 h y el s\u00e1bado de 17:00h a 20:00h.<\/p>\n<p><img decoding=\"async\" loading=\"lazy\" class=\"alignnone size-full wp-image-1132\" src=\"https:\/\/www.semanasantavinaros.es\/ss\/wp-content\/uploads\/28379285_396480910824725_7165844939666761741_n.jpg\" alt=\"28379285_396480910824725_7165844939666761741_n\" width=\"683\" height=\"960\" srcset=\"https:\/\/www.semanasantavinaros.es\/ss\/wp-content\/uploads\/28379285_396480910824725_7165844939666761741_n.jpg 683w, https:\/\/www.semanasantavinaros.es\/ss\/wp-content\/uploads\/28379285_396480910824725_7165844939666761741_n-213x300.jpg 213w\" sizes=\"(max-width: 683px) 100vw, 683px\" \/><\/p>\n","protected":false},"excerpt":{"rendered":"<p>El presidente de la Federaci\u00f3n de cofrad\u00edas; Marc M\u00e9ndez Viver quiere pedir disculpas p\u00fablicamente en la persona de Helena Roman porque en la rueda de prensa de presentaci\u00f3n de los actos de la Semana Santa 2018, el presidente no present\u00f3 la exposici\u00f3n de Mater Dolorosa per Mol\u00e9s de Amics de Vinar\u00f2s. Por ello difundimos y&nbsp;<\/p>\n<p><a class=\"btn btn-style\" href=\"https:\/\/www.semanasantavinaros.es\/ss\/exposicion-de-mater-dolorosa-per-moles\/\">Continue Reading<\/a><\/p>\n","protected":false},"author":1,"featured_media":1132,"comment_status":"open","ping_status":"open","sticky":false,"template":"","format":"standard","meta":{"_mi_skip_tracking":false},"categories":[6],"tags":[],"_links":{"self":[{"href":"https:\/\/www.semanasantavinaros.es\/ss\/wp-json\/wp\/v2\/posts\/1131"}],"collection":[{"href":"https:\/\/www.semanasantavinaros.es\/ss\/wp-json\/wp\/v2\/posts"}],"about":[{"href":"https:\/\/www.semanasantavinaros.es\/ss\/wp-json\/wp\/v2\/types\/post"}],"author":[{"embeddable":true,"href":"https:\/\/www.semanasantavinaros.es\/ss\/wp-json\/wp\/v2\/users\/1"}],"replies":[{"embeddable":true,"href":"https:\/\/www.semanasantavinaros.es\/ss\/wp-json\/wp\/v2\/comments?post=1131"}],"version-history":[{"count":1,"href":"https:\/\/www.semanasantavinaros.es\/ss\/wp-json\/wp\/v2\/posts\/1131\/revisions"}],"predecessor-version":[{"id":1133,"href":"https:\/\/www.semanasantavinaros.es\/ss\/wp-json\/wp\/v2\/posts\/1131\/revisions\/1133"}],"wp:featuredmedia":[{"embeddable":true,"href":"https:\/\/www.semanasantavinaros.es\/ss\/wp-json\/wp\/v2\/media\/1132"}],"wp:attachment":[{"href":"https:\/\/www.semanasantavinaros.es\/ss\/wp-json\/wp\/v2\/media?parent=1131"}],"wp:term":[{"taxonomy":"category","embeddable":true,"href":"https:\/\/www.semanasantavinaros.es\/ss\/wp-json\/wp\/v2\/categories?post=1131"},{"taxonomy":"post_tag","embeddable":true,"href":"https:\/\/www.semanasantavinaros.es\/ss\/wp-json\/wp\/v2\/tags?post=1131"}],"curies":[{"name":"wp","href":"https:\/\/api.w.org\/{rel}","templated":true}]}}