{"id":1169,"date":"2018-03-28T08:43:43","date_gmt":"2018-03-28T08:43:43","guid":{"rendered":"https:\/\/www.semanasantavinaros.es\/ss\/?p=1169"},"modified":"2018-03-28T08:43:43","modified_gmt":"2018-03-28T08:43:43","slug":"domingo-de-ramos-2","status":"publish","type":"post","link":"https:\/\/www.semanasantavinaros.es\/ss\/domingo-de-ramos-2\/","title":{"rendered":"Domingo de ramos"},"content":{"rendered":"<p><img decoding=\"async\" loading=\"lazy\" class=\"alignnone size-medium wp-image-1170\" src=\"https:\/\/www.semanasantavinaros.es\/ss\/wp-content\/uploads\/MG_2230-300x200.jpg\" alt=\"_MG_2230\" width=\"300\" height=\"200\" srcset=\"https:\/\/www.semanasantavinaros.es\/ss\/wp-content\/uploads\/MG_2230-300x200.jpg 300w, https:\/\/www.semanasantavinaros.es\/ss\/wp-content\/uploads\/MG_2230-768x512.jpg 768w, https:\/\/www.semanasantavinaros.es\/ss\/wp-content\/uploads\/MG_2230-1024x683.jpg 1024w\" sizes=\"(max-width: 300px) 100vw, 300px\" \/> <img decoding=\"async\" loading=\"lazy\" class=\"alignnone size-medium wp-image-1171\" src=\"https:\/\/www.semanasantavinaros.es\/ss\/wp-content\/uploads\/xavi-3-300x225.jpg\" alt=\"xavi (3)\" width=\"300\" height=\"225\" srcset=\"https:\/\/www.semanasantavinaros.es\/ss\/wp-content\/uploads\/xavi-3-300x225.jpg 300w, https:\/\/www.semanasantavinaros.es\/ss\/wp-content\/uploads\/xavi-3-768x576.jpg 768w, https:\/\/www.semanasantavinaros.es\/ss\/wp-content\/uploads\/xavi-3-1024x768.jpg 1024w\" sizes=\"(max-width: 300px) 100vw, 300px\" \/><\/p>\n<p>Las dos parroquias de nuestra ciudad organizaban a las 11,30 horas la procesi\u00f3n y posterior bendici\u00f3n de ramos. En la parroquia Arciprestal, y con el acompa\u00f1amiento de la banda de \u201cBombos y Tambortes\u201d de la Cofrad\u00eda del \u201cCristo de la Paz\u201d, se llegaba hasta el Paseo Col\u00f3n para realizar la bendici\u00f3n.<\/p>\n<p>En la parroquia de Santa Magdalena, y con la participaci\u00f3n de la Cofrad\u00eda de \u201cJes\u00fas Cautivo y Ntra. Sra. de la Merced\u201d, acompa\u00f1aron a la precesi\u00f3n con su banda de \u201cCornetas y Tambores\u201d y con la popular \u201cborriquilla\u201d, que cada a\u00f1o presta para la ocasi\u00f3n Cinta Gri\u00f1\u00f3. La bendici\u00f3n se realiz\u00f3 en la Plaza 1\u00ba de Mayo.<\/p>\n","protected":false},"excerpt":{"rendered":"<p>Las dos parroquias de nuestra ciudad organizaban a las 11,30 horas la procesi\u00f3n y posterior bendici\u00f3n de ramos. En la parroquia Arciprestal, y con el acompa\u00f1amiento de la banda de \u201cBombos y Tambortes\u201d de la Cofrad\u00eda del \u201cCristo de la Paz\u201d, se llegaba hasta el Paseo Col\u00f3n para realizar la bendici\u00f3n. En la parroquia de&nbsp;<\/p>\n<p><a class=\"btn btn-style\" href=\"https:\/\/www.semanasantavinaros.es\/ss\/domingo-de-ramos-2\/\">Continue Reading<\/a><\/p>\n","protected":false},"author":1,"featured_media":1170,"comment_status":"open","ping_status":"open","sticky":false,"template":"","format":"standard","meta":{"_mi_skip_tracking":false},"categories":[6],"tags":[],"_links":{"self":[{"href":"https:\/\/www.semanasantavinaros.es\/ss\/wp-json\/wp\/v2\/posts\/1169"}],"collection":[{"href":"https:\/\/www.semanasantavinaros.es\/ss\/wp-json\/wp\/v2\/posts"}],"about":[{"href":"https:\/\/www.semanasantavinaros.es\/ss\/wp-json\/wp\/v2\/types\/post"}],"author":[{"embeddable":true,"href":"https:\/\/www.semanasantavinaros.es\/ss\/wp-json\/wp\/v2\/users\/1"}],"replies":[{"embeddable":true,"href":"https:\/\/www.semanasantavinaros.es\/ss\/wp-json\/wp\/v2\/comments?post=1169"}],"version-history":[{"count":1,"href":"https:\/\/www.semanasantavinaros.es\/ss\/wp-json\/wp\/v2\/posts\/1169\/revisions"}],"predecessor-version":[{"id":1172,"href":"https:\/\/www.semanasantavinaros.es\/ss\/wp-json\/wp\/v2\/posts\/1169\/revisions\/1172"}],"wp:featuredmedia":[{"embeddable":true,"href":"https:\/\/www.semanasantavinaros.es\/ss\/wp-json\/wp\/v2\/media\/1170"}],"wp:attachment":[{"href":"https:\/\/www.semanasantavinaros.es\/ss\/wp-json\/wp\/v2\/media?parent=1169"}],"wp:term":[{"taxonomy":"category","embeddable":true,"href":"https:\/\/www.semanasantavinaros.es\/ss\/wp-json\/wp\/v2\/categories?post=1169"},{"taxonomy":"post_tag","embeddable":true,"href":"https:\/\/www.semanasantavinaros.es\/ss\/wp-json\/wp\/v2\/tags?post=1169"}],"curies":[{"name":"wp","href":"https:\/\/api.w.org\/{rel}","templated":true}]}}