{"id":1173,"date":"2018-03-28T08:44:59","date_gmt":"2018-03-28T08:44:59","guid":{"rendered":"https:\/\/www.semanasantavinaros.es\/ss\/?p=1173"},"modified":"2018-03-28T08:44:59","modified_gmt":"2018-03-28T08:44:59","slug":"inauguracion-de-la-exposicion-de-la-semana-santa","status":"publish","type":"post","link":"https:\/\/www.semanasantavinaros.es\/ss\/inauguracion-de-la-exposicion-de-la-semana-santa\/","title":{"rendered":"Inauguraci\u00f3n de la exposici\u00f3n de la Semana Santa"},"content":{"rendered":"<p><img decoding=\"async\" loading=\"lazy\" class=\"alignnone size-medium wp-image-1174\" src=\"https:\/\/www.semanasantavinaros.es\/ss\/wp-content\/uploads\/29634957_1608412462539592_1503205766_o-300x225.jpg\" alt=\"29634957_1608412462539592_1503205766_o\" width=\"300\" height=\"225\" srcset=\"https:\/\/www.semanasantavinaros.es\/ss\/wp-content\/uploads\/29634957_1608412462539592_1503205766_o-300x225.jpg 300w, https:\/\/www.semanasantavinaros.es\/ss\/wp-content\/uploads\/29634957_1608412462539592_1503205766_o-768x576.jpg 768w, https:\/\/www.semanasantavinaros.es\/ss\/wp-content\/uploads\/29634957_1608412462539592_1503205766_o-1024x768.jpg 1024w, https:\/\/www.semanasantavinaros.es\/ss\/wp-content\/uploads\/29634957_1608412462539592_1503205766_o.jpg 1794w\" sizes=\"(max-width: 300px) 100vw, 300px\" \/> <img decoding=\"async\" loading=\"lazy\" class=\"alignnone size-medium wp-image-1175\" src=\"https:\/\/www.semanasantavinaros.es\/ss\/wp-content\/uploads\/29681452_1608412422539596_364776823_o-300x225.jpg\" alt=\"29681452_1608412422539596_364776823_o\" width=\"300\" height=\"225\" srcset=\"https:\/\/www.semanasantavinaros.es\/ss\/wp-content\/uploads\/29681452_1608412422539596_364776823_o-300x225.jpg 300w, https:\/\/www.semanasantavinaros.es\/ss\/wp-content\/uploads\/29681452_1608412422539596_364776823_o-768x576.jpg 768w, https:\/\/www.semanasantavinaros.es\/ss\/wp-content\/uploads\/29681452_1608412422539596_364776823_o-1024x768.jpg 1024w, https:\/\/www.semanasantavinaros.es\/ss\/wp-content\/uploads\/29681452_1608412422539596_364776823_o.jpg 1600w\" sizes=\"(max-width: 300px) 100vw, 300px\" \/><\/p>\n<p>A las 13 horas se inauguraba la exposici\u00f3n de Semana Santa expuesta en el \u201cAuditorio Municipal\u201d, la cual estar\u00e1 abierta hasta el d\u00eda 2 de abril.<\/p>\n<p><em>Salvador Quinz\u00e1<\/em><\/p>\n","protected":false},"excerpt":{"rendered":"<p>A las 13 horas se inauguraba la exposici\u00f3n de Semana Santa expuesta en el \u201cAuditorio Municipal\u201d, la cual estar\u00e1 abierta hasta el d\u00eda 2 de abril. Salvador Quinz\u00e1<\/p>\n","protected":false},"author":1,"featured_media":1175,"comment_status":"open","ping_status":"open","sticky":false,"template":"","format":"standard","meta":{"_mi_skip_tracking":false},"categories":[6],"tags":[],"_links":{"self":[{"href":"https:\/\/www.semanasantavinaros.es\/ss\/wp-json\/wp\/v2\/posts\/1173"}],"collection":[{"href":"https:\/\/www.semanasantavinaros.es\/ss\/wp-json\/wp\/v2\/posts"}],"about":[{"href":"https:\/\/www.semanasantavinaros.es\/ss\/wp-json\/wp\/v2\/types\/post"}],"author":[{"embeddable":true,"href":"https:\/\/www.semanasantavinaros.es\/ss\/wp-json\/wp\/v2\/users\/1"}],"replies":[{"embeddable":true,"href":"https:\/\/www.semanasantavinaros.es\/ss\/wp-json\/wp\/v2\/comments?post=1173"}],"version-history":[{"count":1,"href":"https:\/\/www.semanasantavinaros.es\/ss\/wp-json\/wp\/v2\/posts\/1173\/revisions"}],"predecessor-version":[{"id":1176,"href":"https:\/\/www.semanasantavinaros.es\/ss\/wp-json\/wp\/v2\/posts\/1173\/revisions\/1176"}],"wp:featuredmedia":[{"embeddable":true,"href":"https:\/\/www.semanasantavinaros.es\/ss\/wp-json\/wp\/v2\/media\/1175"}],"wp:attachment":[{"href":"https:\/\/www.semanasantavinaros.es\/ss\/wp-json\/wp\/v2\/media?parent=1173"}],"wp:term":[{"taxonomy":"category","embeddable":true,"href":"https:\/\/www.semanasantavinaros.es\/ss\/wp-json\/wp\/v2\/categories?post=1173"},{"taxonomy":"post_tag","embeddable":true,"href":"https:\/\/www.semanasantavinaros.es\/ss\/wp-json\/wp\/v2\/tags?post=1173"}],"curies":[{"name":"wp","href":"https:\/\/api.w.org\/{rel}","templated":true}]}}