{"id":1191,"date":"2019-03-20T11:18:09","date_gmt":"2019-03-20T11:18:09","guid":{"rendered":"https:\/\/www.semanasantavinaros.es\/ss\/?p=1191"},"modified":"2019-03-20T11:18:09","modified_gmt":"2019-03-20T11:18:09","slug":"presentacion-del-cartel-ganador-2019","status":"publish","type":"post","link":"https:\/\/www.semanasantavinaros.es\/ss\/presentacion-del-cartel-ganador-2019\/","title":{"rendered":"Presentaci\u00f3n del cartel ganador 2019"},"content":{"rendered":"<p><img decoding=\"async\" loading=\"lazy\" class=\"size-medium wp-image-1193 alignleft\" src=\"https:\/\/www.semanasantavinaros.es\/ss\/wp-content\/uploads\/1-Cartel-ganador-Bodeg\u00f3n--211x300.jpg\" alt=\"1-Cartel ganador - Bodeg\u00f3n-\" width=\"211\" height=\"300\" srcset=\"https:\/\/www.semanasantavinaros.es\/ss\/wp-content\/uploads\/1-Cartel-ganador-Bodeg\u00f3n--211x300.jpg 211w, https:\/\/www.semanasantavinaros.es\/ss\/wp-content\/uploads\/1-Cartel-ganador-Bodeg\u00f3n-.jpg 588w\" sizes=\"(max-width: 211px) 100vw, 211px\" \/>La elecci\u00f3n del cartel que nos representar\u00e1 esta pr\u00f3xima Semana Santa, del 12 al 22 de abril, tuvo lugar el pasado viernes d\u00eda 8 del presente mes de marzo, a las 20,45 horas en el \u201cSal\u00f3n Parroquial\u201d de la Arciprestal de \u201cLa Asunci\u00f3n\u201d de nuestra ciudad, estando organizado por la \u201cFederaci\u00f3n de Cofrad\u00edas de Semana Santa de Vinar\u00f2s\u201d.<br \/>\nEl acto estuvo presidido por Marc M\u00e9ndez Viver presidente de la \u201cFederaci\u00f3n\u201d, el cual estuvo acompa\u00f1ado por el consiliario moss\u00e8n Emilio Vinaixa, as\u00ed como por diferentes Hermanos Mayores y representantes de las cofrad\u00edas pertenecientes a la federaci\u00f3n.<br \/>\nEste a\u00f1o se presentaron un total de 13 obras, cuyos autores provienen de diferentes ciudades de Espa\u00f1a. Una vez iniciada la votaci\u00f3n a cargo de las personas con derecho a voto, el resultado fue el siguiente:<\/p>\n<p><strong>1 er. Clasificado. Obra n\u00ba 07 bajo el t\u00edtulo de \u201cBodeg\u00f3n\u201d. Autor: Crist\u00f3bal Aguil\u00f3 Dom\u00ednguez de Cartagena (Murcia) con 6 votos.<\/strong><br \/>\n<strong>2\u00ba Clasificado. Obra n\u00ba 11 bajo el t\u00edtulo de \u201cL\u00b4esperan\u00e7a ens la porta Ell\u201d. Autor: Javier P\u00e9rez Roig de Vinar\u00f2s con 5 votos.<\/strong><br \/>\n<strong>Y 3 er. Clasificado. Obra n\u00ba 02 bajo el t\u00edtulo de \u201cHora Nona\u201d. Autor: Jos\u00e9 Bautista Rodr\u00edguez de Vinar\u00f2s con 2 votos.<\/strong><\/p>\n<p>La bella obra ganadora con el t\u00edtulo de \u201cBodeg\u00f3n\u201d, pertenece al artista profesional Crist\u00f3bal Aguil\u00f3 Dom\u00ednguez, el cual, ya gan\u00f3 el concurso de carteles del pasado a\u00f1o 2018. Nos dec\u00eda la secretaria de la \u201cFederaci\u00f3n\u201d, que el tema plasmado no se hab\u00eda reproducido nunca en la tem\u00e1tica de los carteles presentados hasta la fecha. Realmente es una tem\u00e1tica completa en lo que se refiere, por una parte a la entrada triunfal de Jesucristo en Jerusal\u00e9n en el \u201cDomingo de Ramos\u201d con el ramo de laurel, por otra la \u201c\u00daltima cena\u201d con la instauraci\u00f3n de la \u201cEucarist\u00eda\u201d en el momento de la celebraci\u00f3n de la santa misa, y finalmente a uno de los momentos de la pasi\u00f3n. Cuadro realizado a todo color, en el que podemos ver desde el agua que cae en una vasija de barro dentro del c\u00e1liz y que sale vino rojo representando la sangre de Jesucristo, una corona de espinas, el pan, un ramo de olivo y el cart\u00f3n de un capirote en que al final se ve la ropa violeta de la funda del mismo. Realmente el artista ha sabido plasmar de una forma muy visible, comprensiva y art\u00edstica; la celebraci\u00f3n de la \u201c\u00daltima cena\u201d, la instituci\u00f3n de la Eucarist\u00eda y la pasi\u00f3n de Jesucristo, cosa que le agradecemos y le felicitamos.<br \/>\nLa obra escogida en segundo lugar, es realmente bella. Nos muestra una estampa cl\u00e1sica de la pasi\u00f3n de Jesucristo, donde podemos ver una de sus manos atravesadas por un clavo en un lateral de la cruz, y la fachada de nuestra \u201cArciprestal\u201d bajo un cielo oscuro y roto. Bell\u00edsima obra realizada por Javier P\u00e9rez Roig, conocido entre nosotros, ya que gan\u00f3 el concurso de carteles en el a\u00f1o 2014 y 2016 y no deja de presentarse todos los a\u00f1os. Nuestras felicitaciones tambi\u00e9n para Javier.<br \/>\nY de nuevo hubo un empate con tres obras para el tercer puesto. Las obras ten\u00edan el n\u00ba 02-08 y 12. De las tres se escogi\u00f3 la n\u00ba 02 cuyo autor es Jos\u00e9 Mar\u00eda Bautista Rodr\u00edguez, artista de nuestra ciudad de Vinar\u00f2s, el cual nos muestra un torso lateral en blanco y negro de la imagen del \u201cCristo de la Paz\u201d. Valgan tambi\u00e9n para Jos\u00e9 Mar\u00eda nuestras felicitaciones.<br \/>\nY as\u00ed de esta forma transcurri\u00f3 la elecci\u00f3n del cartel que nos representar\u00e1 en la Semana Santa de Vinar\u00f2s de este presente a\u00f1o. Felicitamos a la \u201cFederaci\u00f3n de Cofrad\u00edas\u201d por la organizaci\u00f3n del mismo, y les animamos a que tengamos una buena y sentida Semana Santa, y si es posible, con buen tiempo. \u00a1Que as\u00ed sea!<br \/>\n<em>Salvador Quinz\u00e1 Macip<\/em><\/p>\n<p><img decoding=\"async\" loading=\"lazy\" class=\"alignnone size-medium wp-image-1195\" src=\"https:\/\/www.semanasantavinaros.es\/ss\/wp-content\/uploads\/ss2019-2-300x200.jpg\" alt=\"ss2019 (2)\" width=\"300\" height=\"200\" srcset=\"https:\/\/www.semanasantavinaros.es\/ss\/wp-content\/uploads\/ss2019-2-300x200.jpg 300w, https:\/\/www.semanasantavinaros.es\/ss\/wp-content\/uploads\/ss2019-2-768x512.jpg 768w, https:\/\/www.semanasantavinaros.es\/ss\/wp-content\/uploads\/ss2019-2-1024x683.jpg 1024w, https:\/\/www.semanasantavinaros.es\/ss\/wp-content\/uploads\/ss2019-2.jpg 1296w\" sizes=\"(max-width: 300px) 100vw, 300px\" \/> <img decoding=\"async\" loading=\"lazy\" class=\"alignnone size-medium wp-image-1196\" src=\"https:\/\/www.semanasantavinaros.es\/ss\/wp-content\/uploads\/ss2019-3-300x200.jpg\" alt=\"ss2019 (3)\" width=\"300\" height=\"200\" srcset=\"https:\/\/www.semanasantavinaros.es\/ss\/wp-content\/uploads\/ss2019-3-300x200.jpg 300w, https:\/\/www.semanasantavinaros.es\/ss\/wp-content\/uploads\/ss2019-3-768x512.jpg 768w, https:\/\/www.semanasantavinaros.es\/ss\/wp-content\/uploads\/ss2019-3-1024x683.jpg 1024w, https:\/\/www.semanasantavinaros.es\/ss\/wp-content\/uploads\/ss2019-3.jpg 1037w\" sizes=\"(max-width: 300px) 100vw, 300px\" \/><\/p>\n<p>&nbsp;<\/p>\n","protected":false},"excerpt":{"rendered":"<p>La elecci\u00f3n del cartel que nos representar\u00e1 esta pr\u00f3xima Semana Santa, del 12 al 22 de abril, tuvo lugar el pasado viernes d\u00eda 8 del presente mes de marzo, a las 20,45 horas en el \u201cSal\u00f3n Parroquial\u201d de la Arciprestal de \u201cLa Asunci\u00f3n\u201d de nuestra ciudad, estando organizado por la \u201cFederaci\u00f3n de Cofrad\u00edas de Semana&nbsp;<\/p>\n<p><a class=\"btn btn-style\" href=\"https:\/\/www.semanasantavinaros.es\/ss\/presentacion-del-cartel-ganador-2019\/\">Continue Reading<\/a><\/p>\n","protected":false},"author":1,"featured_media":1194,"comment_status":"open","ping_status":"open","sticky":false,"template":"","format":"standard","meta":{"_mi_skip_tracking":false},"categories":[6,1],"tags":[],"_links":{"self":[{"href":"https:\/\/www.semanasantavinaros.es\/ss\/wp-json\/wp\/v2\/posts\/1191"}],"collection":[{"href":"https:\/\/www.semanasantavinaros.es\/ss\/wp-json\/wp\/v2\/posts"}],"about":[{"href":"https:\/\/www.semanasantavinaros.es\/ss\/wp-json\/wp\/v2\/types\/post"}],"author":[{"embeddable":true,"href":"https:\/\/www.semanasantavinaros.es\/ss\/wp-json\/wp\/v2\/users\/1"}],"replies":[{"embeddable":true,"href":"https:\/\/www.semanasantavinaros.es\/ss\/wp-json\/wp\/v2\/comments?post=1191"}],"version-history":[{"count":1,"href":"https:\/\/www.semanasantavinaros.es\/ss\/wp-json\/wp\/v2\/posts\/1191\/revisions"}],"predecessor-version":[{"id":1197,"href":"https:\/\/www.semanasantavinaros.es\/ss\/wp-json\/wp\/v2\/posts\/1191\/revisions\/1197"}],"wp:featuredmedia":[{"embeddable":true,"href":"https:\/\/www.semanasantavinaros.es\/ss\/wp-json\/wp\/v2\/media\/1194"}],"wp:attachment":[{"href":"https:\/\/www.semanasantavinaros.es\/ss\/wp-json\/wp\/v2\/media?parent=1191"}],"wp:term":[{"taxonomy":"category","embeddable":true,"href":"https:\/\/www.semanasantavinaros.es\/ss\/wp-json\/wp\/v2\/categories?post=1191"},{"taxonomy":"post_tag","embeddable":true,"href":"https:\/\/www.semanasantavinaros.es\/ss\/wp-json\/wp\/v2\/tags?post=1191"}],"curies":[{"name":"wp","href":"https:\/\/api.w.org\/{rel}","templated":true}]}}