{"id":1270,"date":"2021-04-01T14:36:10","date_gmt":"2021-04-01T14:36:10","guid":{"rendered":"https:\/\/www.semanasantavinaros.es\/ss\/?p=1270"},"modified":"2021-04-01T14:36:10","modified_gmt":"2021-04-01T14:36:10","slug":"video-especial-de-setmana-santa","status":"publish","type":"post","link":"https:\/\/www.semanasantavinaros.es\/ss\/video-especial-de-setmana-santa\/","title":{"rendered":"V\u00eddeo especial de Setmana Santa"},"content":{"rendered":"<p><iframe loading=\"lazy\" title=\"YouTube video player\" src=\"https:\/\/www.youtube.com\/embed\/Kn0BDzHFs3c\" width=\"683\" height=\"384\" frameborder=\"0\" allowfullscreen=\"allowfullscreen\"><\/iframe><\/p>\n<p><strong>L\u2019Ajuntament de Vinar\u00f2s, amb la col\u00b7laboraci\u00f3 de la Federaci\u00f3 de Confraries de la Setmana Santa, ha editat un v\u00eddeo per a poder gaudir des de casa dels actes m\u00e9s representatius de la festivitat.<\/strong><\/p>\n<p>Es tracta d\u2019un reportatge de 45 minuts de durada amb testimonis i imatges per mostrar a l\u2019espectador els passos que formen part de les processons i com han evolucionat amb el pas del temps.<\/p>\n<p>La regidora de Cultura, Anna Fibla, ha recordat que \u201cla Setmana Santa de Vinar\u00f2s est\u00e0 declarada com a Festa d\u2019Inter\u00e9s Tur\u00edstic Auton\u00f2mic i els passos formen part del nostre patrimoni hist\u00f2ric i cultural, per aix\u00f2 s\u2019ha volgut crear aquesta producci\u00f3\u201d. En aquest sentit, agra\u00efa el treball de totes les persones que han fet possible el v\u00eddeo, aix\u00ed com la col\u00b7laboraci\u00f3 dels mitjans de comunicaci\u00f3 per emetre\u2019l.<\/p>\n<p>Per acabar, Fibla ha destacat que el reportatge tamb\u00e9 es pot veure des de la p\u00e0gina de Youtube de l\u2019Ajuntament de Vinar\u00f2s.<\/p>\n","protected":false},"excerpt":{"rendered":"<p>L\u2019Ajuntament de Vinar\u00f2s, amb la col\u00b7laboraci\u00f3 de la Federaci\u00f3 de Confraries de la Setmana Santa, ha editat un v\u00eddeo per a poder gaudir des de casa dels actes m\u00e9s representatius de la festivitat. Es tracta d\u2019un reportatge de 45 minuts de durada amb testimonis i imatges per mostrar a l\u2019espectador els passos que formen part&nbsp;<\/p>\n<p><a class=\"btn btn-style\" href=\"https:\/\/www.semanasantavinaros.es\/ss\/video-especial-de-setmana-santa\/\">Continue Reading<\/a><\/p>\n","protected":false},"author":1,"featured_media":1208,"comment_status":"open","ping_status":"open","sticky":false,"template":"","format":"standard","meta":{"_mi_skip_tracking":false},"categories":[6],"tags":[],"_links":{"self":[{"href":"https:\/\/www.semanasantavinaros.es\/ss\/wp-json\/wp\/v2\/posts\/1270"}],"collection":[{"href":"https:\/\/www.semanasantavinaros.es\/ss\/wp-json\/wp\/v2\/posts"}],"about":[{"href":"https:\/\/www.semanasantavinaros.es\/ss\/wp-json\/wp\/v2\/types\/post"}],"author":[{"embeddable":true,"href":"https:\/\/www.semanasantavinaros.es\/ss\/wp-json\/wp\/v2\/users\/1"}],"replies":[{"embeddable":true,"href":"https:\/\/www.semanasantavinaros.es\/ss\/wp-json\/wp\/v2\/comments?post=1270"}],"version-history":[{"count":1,"href":"https:\/\/www.semanasantavinaros.es\/ss\/wp-json\/wp\/v2\/posts\/1270\/revisions"}],"predecessor-version":[{"id":1271,"href":"https:\/\/www.semanasantavinaros.es\/ss\/wp-json\/wp\/v2\/posts\/1270\/revisions\/1271"}],"wp:featuredmedia":[{"embeddable":true,"href":"https:\/\/www.semanasantavinaros.es\/ss\/wp-json\/wp\/v2\/media\/1208"}],"wp:attachment":[{"href":"https:\/\/www.semanasantavinaros.es\/ss\/wp-json\/wp\/v2\/media?parent=1270"}],"wp:term":[{"taxonomy":"category","embeddable":true,"href":"https:\/\/www.semanasantavinaros.es\/ss\/wp-json\/wp\/v2\/categories?post=1270"},{"taxonomy":"post_tag","embeddable":true,"href":"https:\/\/www.semanasantavinaros.es\/ss\/wp-json\/wp\/v2\/tags?post=1270"}],"curies":[{"name":"wp","href":"https:\/\/api.w.org\/{rel}","templated":true}]}}