{"id":1310,"date":"2022-11-02T12:35:09","date_gmt":"2022-11-02T12:35:09","guid":{"rendered":"https:\/\/www.semanasantavinaros.es\/ss\/?p=1310"},"modified":"2022-11-02T12:35:09","modified_gmt":"2022-11-02T12:35:09","slug":"sebastian-torres-camos-nou-president-de-la-federacio-de-confraries-de-la-setmana-santa-de-vinaros","status":"publish","type":"post","link":"https:\/\/www.semanasantavinaros.es\/ss\/sebastian-torres-camos-nou-president-de-la-federacio-de-confraries-de-la-setmana-santa-de-vinaros\/","title":{"rendered":"Sebasti\u00e1n Torres Cam\u00f3s, nou president de la Federaci\u00f3 de Confraries de la Setmana Santa de Vinar\u00f2s"},"content":{"rendered":"<p>&nbsp;<\/p>\n<p>&nbsp;<\/p>\n<div id=\"attachment_1311\" style=\"width: 351px\" class=\"wp-caption aligncenter\"><img aria-describedby=\"caption-attachment-1311\" decoding=\"async\" loading=\"lazy\" class=\" wp-image-1311\" src=\"https:\/\/www.semanasantavinaros.es\/ss\/wp-content\/uploads\/IMG-20221026-WA0024-768x1024.jpg\" alt=\"Sebasti\u00e1n Torres Cam\u00f3s, nou president de la Federaci\u00f3 de Confraries de la Setmana Santa de Vinar\u00f2s\" width=\"341\" height=\"455\" srcset=\"https:\/\/www.semanasantavinaros.es\/ss\/wp-content\/uploads\/IMG-20221026-WA0024-768x1024.jpg 768w, https:\/\/www.semanasantavinaros.es\/ss\/wp-content\/uploads\/IMG-20221026-WA0024-225x300.jpg 225w, https:\/\/www.semanasantavinaros.es\/ss\/wp-content\/uploads\/IMG-20221026-WA0024.jpg 1200w\" sizes=\"(max-width: 341px) 100vw, 341px\" \/><p id=\"caption-attachment-1311\" class=\"wp-caption-text\"><em>Sebasti\u00e1n Torres Cam\u00f3s, nou president de la Federaci\u00f3 de Confraries de la Setmana Santa de Vinar\u00f2s<\/em><\/p><\/div>\n<hr \/>\n<p style=\"font-weight: 400;\">\n<p style=\"font-weight: 400;\">\n<p style=\"font-weight: 400; text-align: justify;\">El passat dimarts dia 25 va tindre lloc en el Sal\u00f3 Parroquial de l\u2019Esgl\u00e9sia Arxiprestal la presentaci\u00f3 del que ser\u00e0, al llarg dels propers tres anys, el nou president de la Federaci\u00f3 de Confraries de la Setmana Santa de Vinar\u00f2s, Sebasti\u00e1n Torres Cam\u00f3s,\u00a0davant les confraries membres de la Federaci\u00f3\u00a0i de la Comissi\u00f3 Permanent, i a la que va assistir el consiliari de la Federaci\u00f3, Mn. Emilio Vinaixa.<\/p>\n<p style=\"font-weight: 400; text-align: justify;\">\nSebasti\u00e1n es present\u00e0 com a membre d\u2019una fam\u00edlia de tradici\u00f3 plenament cristiana. Educat en la fe cristiana, des de sempre ha estat vinculat en la vida parroquial de la ciutat i participant en les celebracions lit\u00fargiques i processons, catequista al llarg de diferents anys i tamb\u00e9 va pert\u00e0nyer al moviment de joves cristians.<\/p>\n<p style=\"font-weight: 400; text-align: justify;\">\n<p style=\"font-weight: 400; text-align: justify;\">\n<p style=\"font-weight: 400; text-align: justify;\">La vinculaci\u00f3 amb la Setmana Santa de Vinar\u00f2s de Torres ja ve des de que els seus avis foren fundadors de les Confraries de La Oraci\u00f3n en el Huerto, en la qual va ser confrare,\u00a0\u00a0i de la Mare de D\u00e9u dels Dolors.<\/p>\n<p style=\"font-weight: 400; text-align: justify;\">Actualment forma part de la Confraria de la Serena Majestat del Crist dels Mariners.<\/p>\n<p style=\"font-weight: 400; text-align: justify;\"><em>Record\u00e0 que quan era molt menut li preguntava a sa mare: -Quan falta per a Setmana Santa?, ja que era una setmana que esperava amb molt il\u00b7lusi\u00f3,\u00a0\u00a0per poder participar com a confrare en les processons aix\u00ed com per participar en tots els actes que es duien a terme\u00a0\u00a0aquella setmana.<\/em><\/p>\n<p style=\"font-weight: 400; text-align: justify;\">\n<p style=\"font-weight: 400; text-align: justify;\">\n<p style=\"font-weight: 400; text-align: justify;\">Entre els objectius que Sebasti\u00e1n es marca poder aconseguir per als propers anys es il\u00b7lusionar al poble de Vinar\u00f2s, per\u00f2 sobretot als mes menuts de casa per tal de fomentar la participaci\u00f3, tant en les processons com en els actes que es puguin organitzar al voltant de la Setmana Santa vinarossenca. Tamb\u00e9 vol aconseguir que tots aquells confrares que un dia ho van ser i per algun motiu ho han deixat de ser-ho, animar-los a formar part d\u2019aquesta festa religiosa i que les processons de dijous i divendres Sant siguin mes participatives.<\/p>\n<p style=\"font-weight: 400; text-align: justify;\">\n<p style=\"font-weight: 400; text-align: justify;\">\n<p style=\"font-weight: 400; text-align: justify;\">D\u2019altra banda, per tal de complementar dies com el dilluns, dimarts i dimecres Sant vol organitzar alguns actes mes, a banda dels habituals, de caire cultural, per\u00f2 sense perdre el sentit religi\u00f3s d\u2019aquesta festa i poder fer mes rica la Setmana Santa vinarossenca.<\/p>\n<p style=\"font-weight: 400; text-align: justify;\">Aix\u00ed mateix remarc\u00e0 que per tal d\u2019aconseguir aquests objectius, proposar\u00e0 augmentar el pressupost de la Federaci\u00f3 contant amb el suport de l\u2019Ajuntament de Vinar\u00f2s, aix\u00ed com de la Diputaci\u00f3 de Castell\u00f3 i de la Generalitat Valenciana, aprofitant que la Setmana Santa de Vinar\u00f2s est\u00e0 declarada d\u2019Inter\u00e8s Tur\u00edstic Auton\u00f2mic.<\/p>\n<p style=\"font-weight: 400; text-align: justify;\">\n<p style=\"font-weight: 400; text-align: justify;\">\n<p style=\"font-weight: 400; text-align: justify;\">Finalment va afirmar que mai s\u2019ha de perdre de vista el car\u00e0cter religi\u00f3s d\u2019aquesta festa, sobre tot en les processons, i donar-li la solemnitat que es mereixen, ja que s\u00f3n les mes importants que es celebren entre Tarragona i Valencia.<\/p>\n<p style=\"font-weight: 400; text-align: justify;\">\n<p style=\"font-weight: 400; text-align: justify;\">\n<p style=\"font-weight: 400; text-align: justify;\">Sebasti\u00e1n Torres agra\u00ed una vegada m\u00e9s la confian\u00e7a dipositada pels membres de la Federaci\u00f3 de Confraries de la Setmana Santa de Vinar\u00f2s en la seva elecci\u00f3 com a president, i que nom\u00e9s es podran aconseguir tots els objectius proposats amb l\u2019ajuda de tots els membres de la Federaci\u00f3.<\/p>\n","protected":false},"excerpt":{"rendered":"<p>&nbsp; &nbsp; El passat dimarts dia 25 va tindre lloc en el Sal\u00f3 Parroquial de l\u2019Esgl\u00e9sia Arxiprestal la presentaci\u00f3 del que ser\u00e0, al llarg dels propers tres anys, el nou president de la Federaci\u00f3 de Confraries de la Setmana Santa de Vinar\u00f2s, Sebasti\u00e1n Torres Cam\u00f3s,\u00a0davant les confraries membres de la Federaci\u00f3\u00a0i de la Comissi\u00f3 Permanent,&nbsp;<\/p>\n<p><a class=\"btn btn-style\" href=\"https:\/\/www.semanasantavinaros.es\/ss\/sebastian-torres-camos-nou-president-de-la-federacio-de-confraries-de-la-setmana-santa-de-vinaros\/\">Continue Reading<\/a><\/p>\n","protected":false},"author":1,"featured_media":1311,"comment_status":"open","ping_status":"open","sticky":false,"template":"","format":"standard","meta":{"_mi_skip_tracking":false},"categories":[6],"tags":[23],"_links":{"self":[{"href":"https:\/\/www.semanasantavinaros.es\/ss\/wp-json\/wp\/v2\/posts\/1310"}],"collection":[{"href":"https:\/\/www.semanasantavinaros.es\/ss\/wp-json\/wp\/v2\/posts"}],"about":[{"href":"https:\/\/www.semanasantavinaros.es\/ss\/wp-json\/wp\/v2\/types\/post"}],"author":[{"embeddable":true,"href":"https:\/\/www.semanasantavinaros.es\/ss\/wp-json\/wp\/v2\/users\/1"}],"replies":[{"embeddable":true,"href":"https:\/\/www.semanasantavinaros.es\/ss\/wp-json\/wp\/v2\/comments?post=1310"}],"version-history":[{"count":5,"href":"https:\/\/www.semanasantavinaros.es\/ss\/wp-json\/wp\/v2\/posts\/1310\/revisions"}],"predecessor-version":[{"id":1316,"href":"https:\/\/www.semanasantavinaros.es\/ss\/wp-json\/wp\/v2\/posts\/1310\/revisions\/1316"}],"wp:featuredmedia":[{"embeddable":true,"href":"https:\/\/www.semanasantavinaros.es\/ss\/wp-json\/wp\/v2\/media\/1311"}],"wp:attachment":[{"href":"https:\/\/www.semanasantavinaros.es\/ss\/wp-json\/wp\/v2\/media?parent=1310"}],"wp:term":[{"taxonomy":"category","embeddable":true,"href":"https:\/\/www.semanasantavinaros.es\/ss\/wp-json\/wp\/v2\/categories?post=1310"},{"taxonomy":"post_tag","embeddable":true,"href":"https:\/\/www.semanasantavinaros.es\/ss\/wp-json\/wp\/v2\/tags?post=1310"}],"curies":[{"name":"wp","href":"https:\/\/api.w.org\/{rel}","templated":true}]}}