{"id":1351,"date":"2023-03-13T19:20:19","date_gmt":"2023-03-13T19:20:19","guid":{"rendered":"https:\/\/www.semanasantavinaros.es\/ss\/?p=1351"},"modified":"2023-03-15T15:33:12","modified_gmt":"2023-03-15T15:33:12","slug":"presentacion-de-la-programacion-de-la-semana-santa-de-vinaros-2023","status":"publish","type":"post","link":"https:\/\/www.semanasantavinaros.es\/ss\/presentacion-de-la-programacion-de-la-semana-santa-de-vinaros-2023\/","title":{"rendered":"Presentaci\u00f3n de la programaci\u00f3n de la Semana Santa de Vinar\u00f2s 2023"},"content":{"rendered":"\n<p><strong>Son varias las novedades que este a\u00f1o se presentan en esta Fiesta de Inter\u00e9s Tur\u00edstico Auton\u00f3mico.<\/strong><strong><\/strong><\/p>\n\n\n\n<p>Este a\u00f1o que ya puede hacerse una semana santa m\u00e1s completa que la del a\u00f1o pasado, el presidente de la Federaci\u00f3n de Cofrad\u00edas, Sebasti\u00e1n Torres, &nbsp;present\u00f3 todos los actos que se han programado desde la Federaci\u00f3n, con la colaboraci\u00f3n del Ayuntamiento de Vinar\u00f2s, en la que participan las concejal\u00edas de Cultura, Turismo, Educaci\u00f3n y Comercio, as\u00ed como la Concejal\u00eda de Obras y Servicios y la Polic\u00eda Local. Tambi\u00e9n quiso agradecer a la Diputaci\u00f3 de Castell\u00f3 quien hace posible la edici\u00f3n en papel de los programas de mano as\u00ed como los tr\u00edpticos de divulgaci\u00f3n, tr\u00edpticos con el objetivo de hacer llegar la programaci\u00f3n de esta Fiesta de Inter\u00e9s Tur\u00edstico Auton\u00f3mico m\u00e1s all\u00e1 de nuestras fronteras y difundir tanto nuestra tradici\u00f3n cristiana como las costumbres culturales, no s\u00f3lo en las comarcas de nuestra Comunidad,&nbsp; si no en las comarcas de alrededor del sur de Catalu\u00f1a y de Arag\u00f3n. Asimismo hizo dicho agradecimiento a Caixa Vinar\u00f2s por su colaboraci\u00f3n, y la iglesia de Vinar\u00f2s, a las parroquias que dan facilidad y servicio para que todo trascurra como est\u00e1 previsto.<\/p>\n\n\n\n<p>Los primeros actos previos a la S. Santa tendr\u00e1n lugar este pr\u00f3ximo viernes 17 Marzo a las 21,30 h., XXXVIII Festividad de la Serena Majestat del Crist dels Mariners con la Procesi\u00f3n y lectura de las 7 palabras acompa\u00f1ado por la banda de bombos y tambores. Por otra parte, el s\u00e1bado 25 marzo a las 20,00 h., concierto del coro de la Uni\u00f3n Musical Santa Cecilia de Onda dirigida por Nadia Stoyanova que interpretar\u00e1n diferentes obras polif\u00f3nicas de m\u00fasica sacra.<\/p>\n\n\n\n<p><strong>El viernes 31 de marzo <\/strong>las 20,30 h tendr\u00e1 lugar el Preg\u00f3n de la Semana Santa 2023 a cargo de D\u00f1a. Amparo Salvador, Directora de Caritas Vinar\u00f2s, con la actuaci\u00f3n de la coral Juvenil S. Sebasti\u00e0.<\/p>\n\n\n\n<p>Por su parte, Torres quiso hacer especial menci\u00f3n al acto que se llevar\u00e1 a cabo por primera vez en la ciudad y que tendr\u00e1 lugar el<strong> <\/strong>s\u00e1bado 1 Abril a las 12 ma\u00f1ana: La Procesi\u00f3n Infantil, con salida desde la iglesia Arciprestal y recorrido por el centro de la ciudad, y para lo que la Federaci\u00f3n de Cofrad\u00edas, argumentando que la tradici\u00f3n religiosa y cultural de nuestra ciudad debe arraigarse desde muy corta edad, por lo que el presidente hizo un llamamiento a todos los ni\u00f1os y ni\u00f1as de las cofrad\u00edas, as\u00ed como a todos los que les despierte curiosidad por vivir nuestra tradici\u00f3n, a participar en esta procesi\u00f3n en la que se van a poner los recursos necesarios para que tal evento sea un \u00e9xito.<\/p>\n\n\n\n<p>Ya por la tarde tendr\u00e1 lugar en la Iglesia Arciprestal la misa en memoria de los cofrades difuntos, y seguidamente el XVI Trobada de Bombos y Tambores organizado por la Cofrad\u00eda del Cristo de la Paz.<\/p>\n\n\n\n<p><strong>DOMING0 DE RAMOS 2 ABRIL<\/strong><strong><\/strong><\/p>\n\n\n\n<p>Tendr\u00e1n lugar en las parroquias y en los horarios de costumbre las tradicionales procesiones, y bendiciones de ramos y palmas y a continuaci\u00f3n la Santa Misa.<\/p>\n\n\n\n<p><strong>A las 13,30 h. <\/strong>Inauguraci\u00f3n de la Exposici\u00f3n de la Semana Santa y de las miniaturas.<\/p>\n\n\n\n<p>Este a\u00f1o y como novedad, anunci\u00f3 Sebasti\u00e1n Torres, que tendr\u00e1 lugar en el Centro de Inspiraci\u00f3n Tur\u00edstica \u00abCotxera de Batet\u00bb con los siguientes horarios de visitas: del 2 al 5 de abril, de 18 a 21 h y del 6 al 8 de Abril de 10 a 13 h y de 18 a 21 h.<\/p>\n\n\n\n<p>A las 5 de la tarde, V\u00eda Crucis en la Ermita.<\/p>\n\n\n\n<p><strong>MARTES SANTO<\/strong><strong><\/strong><\/p>\n\n\n\n<p>A las 20:30 h, tendr\u00e1 lugar la Celebraci\u00f3n comunitaria de la penitencia.<\/p>\n\n\n\n<p><strong>MI\u00c9RCOLES SANTO&nbsp; <\/strong><strong><\/strong><\/p>\n\n\n\n<p>A las 5,00H. Procesi\u00f3n de la Madrugada, con la actuaci\u00f3n de Gentsana organizada por la Cofrad\u00eda Jes\u00fas Nazareno y Sto. Sepulcro.<\/p>\n\n\n\n<p><strong>JUEVES SANTO 6 ABRIL <\/strong><strong><\/strong><\/p>\n\n\n\n<p><strong>17,00 H.<\/strong> Exposici\u00f3n de los pasos de las cofrad\u00edas en la Plaza Parroquial.<\/p>\n\n\n\n<p><strong>18,30 H.<\/strong>&nbsp; VI toque excepcional en el campanario, por la Banda de bombos y tambores de la Cofrad\u00eda del Cristo de la Paz.<\/p>\n\n\n\n<p>A continuaci\u00f3n, misa de la Cena del Se\u00f1or en las diferentes parroquias.<\/p>\n\n\n\n<p><strong>A las 20,30 H.<\/strong> subida de los estandartes desde la Cotxera de Batet hasta la plaza Parroquial para dar comienzo<\/p>\n\n\n\n<p>a <strong>las 21,00 h.<\/strong>&nbsp; la <strong>PROCESION<\/strong> del Jueves Santo<strong> con el siguiente recorrido: Plaza Parroquial, Plaza Jovellar, Dr. Fleming, Av. Pa\u00eds Valenci\u00e0, Arciprete<\/strong> <strong>Bono, Plaza St. Antoni, Trav. Safont, Mayor y Plaza Parroquial.<\/strong><\/p>\n\n\n\n<p>Bandas M\u00fasica: Banda M\u00fasica Xertolina, banda cornetas y tambores S. Pedro, Banda cornetas y tambores Jes\u00fas Cautivo, Banda bombos y Tambores Cof.Cristo de la Paz, banda de bombos y tambores Cof. Crist dels Mariners y la Banda de M\u00fasica de la Societat Musical \u00abLa Alianza\u00bb.<\/p>\n\n\n\n<p><strong>VIERNES SANTO 7 ABRIL&nbsp; <\/strong><strong><\/strong><\/p>\n\n\n\n<p><strong>10,30 h.<\/strong>&nbsp; XXXVIII Via Crucis. Organiza Parroquia Sta. Magdalena<\/p>\n\n\n\n<p>Por la tarde, en las parroquias y en las horas de costumbre, Santos Oficios de la Muerte del Se\u00f1or.<\/p>\n\n\n\n<p><strong>21,00 h<\/strong>. PROCESION del Viernes Santo.<\/p>\n\n\n\n<p>Como novedad en dicha procesi\u00f3n, Sebasti\u00e1n Torres indic\u00f3 que la coral Garcia Julbe estar\u00e1 ubicada en la calle Arcipreste Bono para interpretar diferentes obras de m\u00fasica sacra al paso de las Cofrad\u00edas.<\/p>\n\n\n\n<p>As\u00ed mismo destac\u00f3 que el S\u00e1bado Santo, por la tarde tendr\u00eda un car\u00e1cter cultural -musical, ya que en la Iglesia Arciprestal a las 7 de la tarde, tendr\u00e1 lugar la Conferencia; <strong>EL SANTO CALIZ DE LA ULTIMA CENA: \u00abHistoria, Tradici\u00f3n, Ciencia y Fe\u00bb, <\/strong>a cargo del Profesor Jos\u00e9 Fco. Ballester-Olmos y Angu\u00eds, vicedecano de la Real Academia de Cultura Valenciana y Caballero del Sto. C\u00e1liz; para a continuaci\u00f3n, presenciar el concierto que la Coral Garc\u00eda Julbe acompa\u00f1ada por Augusto Belau, organista de la Catedral de Castell\u00f3n, la soprano, Olga Culicova y dirigidos por el director Enric Meli\u00e0, interpretar\u00e1n obras polif\u00f3nicas de m\u00fasica sacra; concierto patrocinado por la concejal\u00eda de Cultura.<\/p>\n\n\n\n<p>Por la noche, en las parroquias, celebraci\u00f3n de la Vigilia Pasqual.<\/p>\n\n\n\n<p><strong>DOMINGO DE RESURRECCI\u00d3N, 9 ABRIL<\/strong><\/p>\n\n\n\n<p><strong>A las 7 h, <\/strong>Diana a cargo de la banda de bombos y tambores Cof. Cristo de la Paz, por varias calles de la ciudad.<\/p>\n\n\n\n<p><strong>10,30 h. PROCESSI\u00d3N DEL ENCUENTRO<\/strong><strong><\/strong><\/p>\n\n\n\n<p><strong>12.00 H. <\/strong>Pasacalle por la ciudad de la banda de bombos y tambores Cof. Crist dels Mariners.<\/p>\n\n\n\n<p>Sebasti\u00e1n Torres no quiso terminar su exposici\u00f3n sin antes destacar que la Semana Santa ser\u00e1n d\u00edas de fiesta, cultura y tradici\u00f3n, pero que no se debe perder en ning\u00fan momento de vista la vertiente religiosa y de manifestaci\u00f3n de la fe cristiana, con la celebraci\u00f3n de la Pasi\u00f3n, Muerte y Resurrecci\u00f3n del Se\u00f1or, y as\u00ed debe vivirse en todos los actos, &nbsp;con fe y devoci\u00f3n, y no solo en los propios actos y celebraciones religiosas, sino tambi\u00e9n al contemplar las maravillosas y valiosas tallas de los 15 pasos que jueves y viernes santo, y domingo de resurrecci\u00f3n procesionar\u00e1n por los calles de nuestra&nbsp; ciudad.<\/p>\n\n\n\n<p>A continuaci\u00f3n, la secretaria de la Federaci\u00f3n de Cofrad\u00edas, Maris\u00edn Grau, anunci\u00f3 los diversos concursos, que paralelamente al programa, la federaci\u00f3n de Cofrad\u00edas ha convocado, como son, el:<\/p>\n\n\n\n<ul>\n<li>Concurso de dibujo en los colegios, con la colaboraci\u00f3n y patrocinio de la concejal\u00eda de educaci\u00f3n, donde los escolares de Vinar\u00f2s podr\u00e1n plasmar sobre papel lo que han vivido sobre nuestra tradici\u00f3n.<\/li>\n\n\n\n<li>Concurso de escaparates, con la colaboraci\u00f3n y patrocinio de la concejal\u00eda de comercio, con el fin de que los escaparates de los establecimientos de nuestra ciudad est\u00e9n decorados con motivos de la Semana&nbsp; Santa.<\/li>\n\n\n\n<li>Concurso de fotograf\u00eda en Instagram, y con la colaboraci\u00f3n y patrocinio de Caixa Vinar\u00f2s, donde se quiere desarrollar y estimular la creatividad fotogr\u00e1fica a trav\u00e9s de las nuevas tecnolog\u00edas poniendo en valor nuestra Semana Santa.<\/li>\n<\/ul>\n\n\n\n<p>Finaliz\u00f3 el acto el concejal de cultura del Ajuntament de Vinar\u00f2s, Fernando Juan, quien destac\u00f3 el trabajo hecho por la Federaci\u00f3n de cofrad\u00edas en la elaboraci\u00f3n del programa para este a\u00f1o , y la predisposici\u00f3n desde el minuto uno del Ajuntament de Vinar\u00f2s y sus correspondientes concejal\u00edas para que en coordinaci\u00f3n con la Federaci\u00f3n, llevar a cabo la coordinaci\u00f3n de los actos programados. As\u00ed mismo, Juan hizo un llamamiento a la participaci\u00f3n de la ciudadan\u00eda en todos los actos lit\u00fargicos y culturales que figuran en el programa oficial.<\/p>\n\n\n\n<figure class=\"wp-block-image size-large\"><img decoding=\"async\" loading=\"lazy\" width=\"1024\" height=\"576\" src=\"https:\/\/www.semanasantavinaros.es\/ss\/wp-content\/uploads\/PRESENTACIONSS23-1024x576.jpeg\" alt=\"\" class=\"wp-image-1352\" srcset=\"https:\/\/www.semanasantavinaros.es\/ss\/wp-content\/uploads\/PRESENTACIONSS23-1024x576.jpeg 1024w, https:\/\/www.semanasantavinaros.es\/ss\/wp-content\/uploads\/PRESENTACIONSS23-300x169.jpeg 300w, https:\/\/www.semanasantavinaros.es\/ss\/wp-content\/uploads\/PRESENTACIONSS23-768x432.jpeg 768w, https:\/\/www.semanasantavinaros.es\/ss\/wp-content\/uploads\/PRESENTACIONSS23-1536x864.jpeg 1536w, https:\/\/www.semanasantavinaros.es\/ss\/wp-content\/uploads\/PRESENTACIONSS23.jpeg 1600w\" sizes=\"(max-width: 1024px) 100vw, 1024px\" \/><\/figure>\n\n\n\n<figure class=\"wp-block-gallery has-nested-images columns-default is-cropped wp-block-gallery-1 is-layout-flex\">\n<figure class=\"wp-block-image size-large\"><img decoding=\"async\" loading=\"lazy\" width=\"728\" height=\"1024\" data-id=\"1360\"  src=\"https:\/\/www.semanasantavinaros.es\/ss\/wp-content\/uploads\/TOQUECAMPANARIO-1-728x1024.jpeg\" alt=\"\" class=\"wp-image-1360\" srcset=\"https:\/\/www.semanasantavinaros.es\/ss\/wp-content\/uploads\/TOQUECAMPANARIO-1-728x1024.jpeg 728w, https:\/\/www.semanasantavinaros.es\/ss\/wp-content\/uploads\/TOQUECAMPANARIO-1-213x300.jpeg 213w, https:\/\/www.semanasantavinaros.es\/ss\/wp-content\/uploads\/TOQUECAMPANARIO-1-768x1081.jpeg 768w, https:\/\/www.semanasantavinaros.es\/ss\/wp-content\/uploads\/TOQUECAMPANARIO-1-1092x1536.jpeg 1092w, https:\/\/www.semanasantavinaros.es\/ss\/wp-content\/uploads\/TOQUECAMPANARIO-1.jpeg 1137w\" sizes=\"(max-width: 728px) 100vw, 728px\" \/><\/figure>\n\n\n\n<figure class=\"wp-block-image size-large\"><img decoding=\"async\" loading=\"lazy\" width=\"728\" height=\"1024\" data-id=\"1361\"  src=\"https:\/\/www.semanasantavinaros.es\/ss\/wp-content\/uploads\/TROBADABOMBOS-1-728x1024.jpeg\" alt=\"\" class=\"wp-image-1361\" srcset=\"https:\/\/www.semanasantavinaros.es\/ss\/wp-content\/uploads\/TROBADABOMBOS-1-728x1024.jpeg 728w, https:\/\/www.semanasantavinaros.es\/ss\/wp-content\/uploads\/TROBADABOMBOS-1-213x300.jpeg 213w, https:\/\/www.semanasantavinaros.es\/ss\/wp-content\/uploads\/TROBADABOMBOS-1-768x1081.jpeg 768w, https:\/\/www.semanasantavinaros.es\/ss\/wp-content\/uploads\/TROBADABOMBOS-1-1092x1536.jpeg 1092w, https:\/\/www.semanasantavinaros.es\/ss\/wp-content\/uploads\/TROBADABOMBOS-1.jpeg 1137w\" sizes=\"(max-width: 728px) 100vw, 728px\" \/><\/figure>\n\n\n\n<figure class=\"wp-block-image size-large\"><img decoding=\"async\" loading=\"lazy\" width=\"728\" height=\"1024\" data-id=\"1362\"  src=\"https:\/\/www.semanasantavinaros.es\/ss\/wp-content\/uploads\/MAATINADA-1-728x1024.jpeg\" alt=\"\" class=\"wp-image-1362\" srcset=\"https:\/\/www.semanasantavinaros.es\/ss\/wp-content\/uploads\/MAATINADA-1-728x1024.jpeg 728w, https:\/\/www.semanasantavinaros.es\/ss\/wp-content\/uploads\/MAATINADA-1-213x300.jpeg 213w, https:\/\/www.semanasantavinaros.es\/ss\/wp-content\/uploads\/MAATINADA-1-768x1081.jpeg 768w, https:\/\/www.semanasantavinaros.es\/ss\/wp-content\/uploads\/MAATINADA-1-1092x1536.jpeg 1092w, https:\/\/www.semanasantavinaros.es\/ss\/wp-content\/uploads\/MAATINADA-1.jpeg 1137w\" sizes=\"(max-width: 728px) 100vw, 728px\" \/><\/figure>\n\n\n\n<figure class=\"wp-block-image size-large\"><img decoding=\"async\" loading=\"lazy\" width=\"724\" height=\"1024\" data-id=\"1359\"  src=\"https:\/\/www.semanasantavinaros.es\/ss\/wp-content\/uploads\/CONFERENCIA23-1-724x1024.jpeg\" alt=\"\" class=\"wp-image-1359\" srcset=\"https:\/\/www.semanasantavinaros.es\/ss\/wp-content\/uploads\/CONFERENCIA23-1-724x1024.jpeg 724w, https:\/\/www.semanasantavinaros.es\/ss\/wp-content\/uploads\/CONFERENCIA23-1-212x300.jpeg 212w, https:\/\/www.semanasantavinaros.es\/ss\/wp-content\/uploads\/CONFERENCIA23-1-768x1086.jpeg 768w, https:\/\/www.semanasantavinaros.es\/ss\/wp-content\/uploads\/CONFERENCIA23-1-1086x1536.jpeg 1086w, https:\/\/www.semanasantavinaros.es\/ss\/wp-content\/uploads\/CONFERENCIA23-1.jpeg 1131w\" sizes=\"(max-width: 724px) 100vw, 724px\" \/><\/figure>\n\n\n\n<figure class=\"wp-block-image size-large\"><img decoding=\"async\" loading=\"lazy\" width=\"724\" height=\"1024\" data-id=\"1358\"  src=\"https:\/\/www.semanasantavinaros.es\/ss\/wp-content\/uploads\/PROCESIONINFANTIL23-1-724x1024.jpeg\" alt=\"\" class=\"wp-image-1358\" srcset=\"https:\/\/www.semanasantavinaros.es\/ss\/wp-content\/uploads\/PROCESIONINFANTIL23-1-724x1024.jpeg 724w, https:\/\/www.semanasantavinaros.es\/ss\/wp-content\/uploads\/PROCESIONINFANTIL23-1-212x300.jpeg 212w, https:\/\/www.semanasantavinaros.es\/ss\/wp-content\/uploads\/PROCESIONINFANTIL23-1-768x1086.jpeg 768w, https:\/\/www.semanasantavinaros.es\/ss\/wp-content\/uploads\/PROCESIONINFANTIL23-1-1086x1536.jpeg 1086w, https:\/\/www.semanasantavinaros.es\/ss\/wp-content\/uploads\/PROCESIONINFANTIL23-1.jpeg 1131w\" sizes=\"(max-width: 724px) 100vw, 724px\" \/><\/figure>\n<\/figure>\n\n\n\n<blockquote class=\"wp-block-quote\">\n<p><\/p>\n<\/blockquote>\n\n\n\n<figure class=\"wp-block-image size-large\"><img decoding=\"async\" loading=\"lazy\" width=\"731\" height=\"1024\" src=\"https:\/\/www.semanasantavinaros.es\/ss\/wp-content\/uploads\/SS_2023-731x1024.jpeg\" alt=\"\" class=\"wp-image-1342\" srcset=\"https:\/\/www.semanasantavinaros.es\/ss\/wp-content\/uploads\/SS_2023-731x1024.jpeg 731w, https:\/\/www.semanasantavinaros.es\/ss\/wp-content\/uploads\/SS_2023-214x300.jpeg 214w, https:\/\/www.semanasantavinaros.es\/ss\/wp-content\/uploads\/SS_2023-768x1076.jpeg 768w, https:\/\/www.semanasantavinaros.es\/ss\/wp-content\/uploads\/SS_2023-1096x1536.jpeg 1096w, https:\/\/www.semanasantavinaros.es\/ss\/wp-content\/uploads\/SS_2023.jpeg 1142w\" sizes=\"(max-width: 731px) 100vw, 731px\" \/><\/figure>\n\n\n\n<p><\/p>\n\n\n\n<p><strong>Tienes toda la programaci\u00f3n 2023 en el siguiente enlace <a href=\"https:\/\/www.semanasantavinaros.es\/ss\/programacion\/\" data-type=\"URL\" data-id=\"https:\/\/www.semanasantavinaros.es\/ss\/programacion\/\" target=\"_blank\" rel=\"noreferrer noopener\">aqu\u00ed<\/a><\/strong><\/p>\n\n\n\n<p><\/p>\n","protected":false},"excerpt":{"rendered":"<p>Son varias las novedades que este a\u00f1o se presentan en esta Fiesta de Inter\u00e9s Tur\u00edstico Auton\u00f3mico. Este a\u00f1o que ya puede hacerse una semana santa m\u00e1s completa que la del a\u00f1o pasado, el presidente de la Federaci\u00f3n de Cofrad\u00edas, Sebasti\u00e1n Torres, &nbsp;present\u00f3 todos los actos que se han programado desde la Federaci\u00f3n, con la colaboraci\u00f3n&nbsp;<\/p>\n<p><a class=\"btn btn-style\" href=\"https:\/\/www.semanasantavinaros.es\/ss\/presentacion-de-la-programacion-de-la-semana-santa-de-vinaros-2023\/\">Continue Reading<\/a><\/p>\n","protected":false},"author":1,"featured_media":1352,"comment_status":"open","ping_status":"open","sticky":false,"template":"","format":"standard","meta":{"_mi_skip_tracking":false},"categories":[6],"tags":[],"_links":{"self":[{"href":"https:\/\/www.semanasantavinaros.es\/ss\/wp-json\/wp\/v2\/posts\/1351"}],"collection":[{"href":"https:\/\/www.semanasantavinaros.es\/ss\/wp-json\/wp\/v2\/posts"}],"about":[{"href":"https:\/\/www.semanasantavinaros.es\/ss\/wp-json\/wp\/v2\/types\/post"}],"author":[{"embeddable":true,"href":"https:\/\/www.semanasantavinaros.es\/ss\/wp-json\/wp\/v2\/users\/1"}],"replies":[{"embeddable":true,"href":"https:\/\/www.semanasantavinaros.es\/ss\/wp-json\/wp\/v2\/comments?post=1351"}],"version-history":[{"count":4,"href":"https:\/\/www.semanasantavinaros.es\/ss\/wp-json\/wp\/v2\/posts\/1351\/revisions"}],"predecessor-version":[{"id":1367,"href":"https:\/\/www.semanasantavinaros.es\/ss\/wp-json\/wp\/v2\/posts\/1351\/revisions\/1367"}],"wp:featuredmedia":[{"embeddable":true,"href":"https:\/\/www.semanasantavinaros.es\/ss\/wp-json\/wp\/v2\/media\/1352"}],"wp:attachment":[{"href":"https:\/\/www.semanasantavinaros.es\/ss\/wp-json\/wp\/v2\/media?parent=1351"}],"wp:term":[{"taxonomy":"category","embeddable":true,"href":"https:\/\/www.semanasantavinaros.es\/ss\/wp-json\/wp\/v2\/categories?post=1351"},{"taxonomy":"post_tag","embeddable":true,"href":"https:\/\/www.semanasantavinaros.es\/ss\/wp-json\/wp\/v2\/tags?post=1351"}],"curies":[{"name":"wp","href":"https:\/\/api.w.org\/{rel}","templated":true}]}}