{"id":1398,"date":"2024-01-24T13:08:56","date_gmt":"2024-01-24T13:08:56","guid":{"rendered":"https:\/\/www.semanasantavinaros.es\/ss\/?p=1398"},"modified":"2024-01-24T13:08:57","modified_gmt":"2024-01-24T13:08:57","slug":"presentacion-pregonero-y-cartel-anunciador-de-la-semana-santa-de-vinaros-2024","status":"publish","type":"post","link":"https:\/\/www.semanasantavinaros.es\/ss\/presentacion-pregonero-y-cartel-anunciador-de-la-semana-santa-de-vinaros-2024\/","title":{"rendered":"PRESENTACI\u00d3N PREGONERO Y CARTEL ANUNCIADOR DE LA SEMANA SANTA DE VINAR\u00d2S 2024"},"content":{"rendered":"\n<p>Hoy d\u00eda 24 de Enero de 2024, ha tenido lugar en el sal\u00f3n g\u00f3tico de la Iglesia Arciprestal, la rueda de prensa en la que la Federaci\u00f3n de Cofrad\u00edas de la Semana Santa de Vinar\u00f2s ha dado a conocer dos temas destacados de la presente edici\u00f3n.<\/p>\n\n\n\n<p>En primer lugar, Sebasti\u00e1n Torres Cam\u00f3s, presidente actual de la Federaci\u00f3n de Cofrad\u00edas de nuestra ciudad, ha anunciado que el pregonero ser\u00e1 el reciente nombrado Obispo de la Di\u00f3cesis de Tortosa, Monse\u00f1or Sergi Gordo Rodr\u00edguez.<\/p>\n\n\n\n<p>A continuaci\u00f3n, la secretaria de la Federaci\u00f3n ha explicado las bases de la presente convocatoria del concurso de carteles<a><\/a> de la Semana Santa de Vinar\u00f2s, declarada \u201cFesta d\u2019Inter\u00e9s Tur\u00edstic Auton\u00f2mic\u201d.<\/p>\n\n\n\n<p>En una primera fase, el pasado lunes 22 de enero, de un total de 34 obras presentadas, de autores de procedencia tan diversa como Vinar\u00f2s, Madrid, Astorga, Lleida, Burriana, Madrid, La Rioja, C\u00e0lig, La S\u00e9nia, Gandia, X\u00e0tiva, Villarreal, Valencia, Benicarl\u00f3, Astorga (Le\u00f3n), Barcelona, Sagunto, Cartagena, Lal\u00edn (Pontevedra), entre otras, <a><\/a>un jurado formado por 2 profesionales de la fotograf\u00eda y del dise\u00f1o gr\u00e1fico, la Concejal de Cultura del Ayuntamiento de Vinar\u00f2s y la Comisi\u00f3n Permanente de la Federaci\u00f3n de Cofrad\u00edas preseleccionaron 3 obras finalistas que pasaron a la segunda fase, y en la que los Hermanos Mayores y representantes de las cofrad\u00edas miembros de la Federaci\u00f3n fueron los encargados de votar para elegir la obra ganadora.<\/p>\n\n\n\n<p>A continuaci\u00f3n, Sebasti\u00e1n Torres ha dado a conocer las obras finalistas:<\/p>\n\n\n\n<p>FINALISTAS:<\/p>\n\n\n\n<p><strong><em>Reflejos<\/em><\/strong><\/p>\n\n\n\n<p>De \u00c1ngel Ligero Mart\u00ednez, de Alfaro (La Rioja)<\/p>\n\n\n\n<p>&nbsp;&nbsp;&nbsp;&nbsp;&nbsp;&nbsp;&nbsp;&nbsp;&nbsp;&nbsp;&nbsp;&nbsp;&nbsp;&nbsp;&nbsp;&nbsp;&nbsp;&nbsp;&nbsp;&nbsp;&nbsp;&nbsp;&nbsp; <strong><em>Rostre<\/em><\/strong><\/p>\n\n\n\n<p>&nbsp;&nbsp;&nbsp;&nbsp;&nbsp;&nbsp;&nbsp;&nbsp;&nbsp;&nbsp;&nbsp;&nbsp;&nbsp;&nbsp;&nbsp;&nbsp;&nbsp;&nbsp;&nbsp;&nbsp;&nbsp;&nbsp;&nbsp; De Juan Diego Ingelmo Benavente, de Burriana (Castell\u00f3)<\/p>\n\n\n\n<p><strong><u>GANADOR del CARTEL DE LA SETMANA SANTA 2024<\/u><\/strong><strong>, y premio de 800 \u20ac a la obra:<\/strong><\/p>\n\n\n\n<p><strong><em>Dolor y Fe<\/em><\/strong><strong><em><\/em><\/strong><\/p>\n\n\n\n<p>\u00a0\u00a0\u00a0\u00a0\u00a0\u00a0\u00a0\u00a0\u00a0\u00a0\u00a0\u00a0\u00a0\u00a0\u00a0\u00a0\u00a0\u00a0\u00a0\u00a0\u00a0\u00a0\u00a0 de Daniel Garc\u00eda Moragues, de Gand\u00eda (Valencia)<\/p>\n\n\n\n<figure class=\"wp-block-image size-large\"><img decoding=\"async\" loading=\"lazy\" width=\"732\" height=\"1024\" src=\"https:\/\/www.semanasantavinaros.es\/ss\/wp-content\/uploads\/2024-732x1024.jpg\" alt=\"\" class=\"wp-image-1399\" srcset=\"https:\/\/www.semanasantavinaros.es\/ss\/wp-content\/uploads\/2024-732x1024.jpg 732w, https:\/\/www.semanasantavinaros.es\/ss\/wp-content\/uploads\/2024-214x300.jpg 214w, https:\/\/www.semanasantavinaros.es\/ss\/wp-content\/uploads\/2024-768x1075.jpg 768w, https:\/\/www.semanasantavinaros.es\/ss\/wp-content\/uploads\/2024.jpg 886w\" sizes=\"(max-width: 732px) 100vw, 732px\" \/><\/figure>\n\n\n\n<p>Seguidamente, el conciliario de la Federaci\u00f3n, Mn. Emilio Vinaixa, ha remarcado el mensaje que expresa la obra ganadora as\u00ed como la importancia que la Semana Santa tiene como manifestaci\u00f3n de la fe cristiana en la calle y aproximarla a toda la gente que en mayor o menor medida cree en los valores cristianos.<\/p>\n\n\n\n<p>Cerr\u00f3 el acto la Concejal del Ajuntament de Vinar\u00f2s, Carla Miralles, que mostr\u00f3 el apoyo incondicional por parte del Ajuntament de Vinar\u00f2s a la Semana Santa de Vinar\u00f2s<\/p>\n","protected":false},"excerpt":{"rendered":"<p>Hoy d\u00eda 24 de Enero de 2024, ha tenido lugar en el sal\u00f3n g\u00f3tico de la Iglesia Arciprestal, la rueda de prensa en la que la Federaci\u00f3n de Cofrad\u00edas de la Semana Santa de Vinar\u00f2s ha dado a conocer dos temas destacados de la presente edici\u00f3n. En primer lugar, Sebasti\u00e1n Torres Cam\u00f3s, presidente actual de&nbsp;<\/p>\n<p><a class=\"btn btn-style\" href=\"https:\/\/www.semanasantavinaros.es\/ss\/presentacion-pregonero-y-cartel-anunciador-de-la-semana-santa-de-vinaros-2024\/\">Continue Reading<\/a><\/p>\n","protected":false},"author":1,"featured_media":1399,"comment_status":"open","ping_status":"open","sticky":false,"template":"","format":"standard","meta":{"_mi_skip_tracking":false},"categories":[6],"tags":[],"_links":{"self":[{"href":"https:\/\/www.semanasantavinaros.es\/ss\/wp-json\/wp\/v2\/posts\/1398"}],"collection":[{"href":"https:\/\/www.semanasantavinaros.es\/ss\/wp-json\/wp\/v2\/posts"}],"about":[{"href":"https:\/\/www.semanasantavinaros.es\/ss\/wp-json\/wp\/v2\/types\/post"}],"author":[{"embeddable":true,"href":"https:\/\/www.semanasantavinaros.es\/ss\/wp-json\/wp\/v2\/users\/1"}],"replies":[{"embeddable":true,"href":"https:\/\/www.semanasantavinaros.es\/ss\/wp-json\/wp\/v2\/comments?post=1398"}],"version-history":[{"count":1,"href":"https:\/\/www.semanasantavinaros.es\/ss\/wp-json\/wp\/v2\/posts\/1398\/revisions"}],"predecessor-version":[{"id":1400,"href":"https:\/\/www.semanasantavinaros.es\/ss\/wp-json\/wp\/v2\/posts\/1398\/revisions\/1400"}],"wp:featuredmedia":[{"embeddable":true,"href":"https:\/\/www.semanasantavinaros.es\/ss\/wp-json\/wp\/v2\/media\/1399"}],"wp:attachment":[{"href":"https:\/\/www.semanasantavinaros.es\/ss\/wp-json\/wp\/v2\/media?parent=1398"}],"wp:term":[{"taxonomy":"category","embeddable":true,"href":"https:\/\/www.semanasantavinaros.es\/ss\/wp-json\/wp\/v2\/categories?post=1398"},{"taxonomy":"post_tag","embeddable":true,"href":"https:\/\/www.semanasantavinaros.es\/ss\/wp-json\/wp\/v2\/tags?post=1398"}],"curies":[{"name":"wp","href":"https:\/\/api.w.org\/{rel}","templated":true}]}}