{"id":1487,"date":"2026-01-29T09:30:15","date_gmt":"2026-01-29T09:30:15","guid":{"rendered":"https:\/\/www.semanasantavinaros.es\/ss\/?p=1487"},"modified":"2026-01-29T09:30:15","modified_gmt":"2026-01-29T09:30:15","slug":"presentacion-del-cartel-anunciador-y-pregonero-de-la-semana-santa-de-vinaros-2026","status":"publish","type":"post","link":"https:\/\/www.semanasantavinaros.es\/ss\/presentacion-del-cartel-anunciador-y-pregonero-de-la-semana-santa-de-vinaros-2026\/","title":{"rendered":"PRESENTACI\u00d3N DEL CARTEL ANUNCIADOR Y PREGONERO DE LA SEMANA SANTA DE VINAR\u00d2S 2026"},"content":{"rendered":"<p><strong>PRESENTACI\u00d3N DEL CARTEL ANUNCIADOR Y PREGONERO DE LA SEMANA SANTA DE VINAR\u00d2S 2026<\/strong><\/p>\n<p><img decoding=\"async\" loading=\"lazy\" class=\"aligncenter size-full wp-image-1489\" src=\"https:\/\/www.semanasantavinaros.es\/ss\/wp-content\/uploads\/image-9.png\" alt=\"\" width=\"1600\" height=\"1066\" srcset=\"https:\/\/www.semanasantavinaros.es\/ss\/wp-content\/uploads\/image-9.png 1600w, https:\/\/www.semanasantavinaros.es\/ss\/wp-content\/uploads\/image-9-300x200.png 300w, https:\/\/www.semanasantavinaros.es\/ss\/wp-content\/uploads\/image-9-1024x682.png 1024w, https:\/\/www.semanasantavinaros.es\/ss\/wp-content\/uploads\/image-9-768x512.png 768w, https:\/\/www.semanasantavinaros.es\/ss\/wp-content\/uploads\/image-9-1536x1023.png 1536w\" sizes=\"(max-width: 1600px) 100vw, 1600px\" \/><\/p>\n<p>&nbsp;<\/p>\n<p>Este mi\u00e9rcoles d\u00eda 28, ha tenido lugar en el sal\u00f3n g\u00f3tico de la Iglesia Arciprestal, la rueda de prensa en la que la Federaci\u00f3n de Cofrad\u00edas de la Semana Santa de Vinar\u00f2s ha dado a conocer dos temas destacados de la presente edici\u00f3n.<\/p>\n<p>En primer lugar, Ana V\u00e1zquez, secretaria de la Federaci\u00f3n, ha explicado las bases de la presente convocatoria del concurso de carteles de la Semana Santa de Vinar\u00f2s, declarada \u201cFesta d\u2019Inter\u00e9s Tur\u00edstic Auton\u00f2mic\u201d.<\/p>\n<p>En una primera fase, el pasado mi\u00e9rcoles, de un total de 22 obras presentadas, de autores de procedencia tan diversa como Vinar\u00f2s, Benicarl\u00f3, Calig, Madrid, Astorga, Valencia, Onda, Estella-Lizarra, Sagunto, Lal\u00edn (Pontevedra), entre otras; un jurado formado por un profesional de la fotograf\u00eda y del dise\u00f1o gr\u00e1fico, un Concejal del Ayuntamiento de Vinar\u00f2s y la Comisi\u00f3n Permanente de la Federaci\u00f3n de Cofrad\u00edas preseleccionaron 3 obras finalistas que pasaron a la segunda fase, y en la que los Hermanos Mayores y representantes de las cofrad\u00edas miembros de la Federaci\u00f3n fueron los encargados de votar para elegir la obra ganadora.<\/p>\n<p>A continuaci\u00f3n, Sebasti\u00e1n Torres ha dado a conocer las obras finalistas:<\/p>\n<p>FINALISTAS:<\/p>\n<p><strong><em>Miradas<\/em><\/strong><\/p>\n<p>de C\u00e9sar N\u00fa\u00f1ez \u00c1lvarez, de Astorga (Le\u00f3n)<\/p>\n<p><strong><em>Passi\u00f3<\/em><\/strong><\/p>\n<p>de Rub\u00e9n Lucas Garc\u00eda, de Torreaguera (Murcia)<\/p>\n<p><strong><u>GANADOR del CARTEL DE LA SEMANA SANTA 2026<\/u><\/strong><strong>, y premio de 800 \u20ac <\/strong>a la obra:<\/p>\n<p><strong><em>\u201cConsummatum Est\u201d<\/em><\/strong><\/p>\n<p><strong>de Javier Rada A\u00f3s, d\u2019Estella (Navarra).<\/strong><\/p>\n<p><img decoding=\"async\" loading=\"lazy\" class=\"aligncenter size-full wp-image-1488\" src=\"https:\/\/www.semanasantavinaros.es\/ss\/wp-content\/uploads\/Consummatum-Est-1-en-tamano-grande.jpeg\" alt=\"\" width=\"914\" height=\"1280\" srcset=\"https:\/\/www.semanasantavinaros.es\/ss\/wp-content\/uploads\/Consummatum-Est-1-en-tamano-grande.jpeg 914w, https:\/\/www.semanasantavinaros.es\/ss\/wp-content\/uploads\/Consummatum-Est-1-en-tamano-grande-214x300.jpeg 214w, https:\/\/www.semanasantavinaros.es\/ss\/wp-content\/uploads\/Consummatum-Est-1-en-tamano-grande-731x1024.jpeg 731w, https:\/\/www.semanasantavinaros.es\/ss\/wp-content\/uploads\/Consummatum-Est-1-en-tamano-grande-768x1076.jpeg 768w\" sizes=\"(max-width: 914px) 100vw, 914px\" \/><\/p>\n<p>&nbsp;<\/p>\n<p>Seguidamente, Torres, ha dado a conocer el nombre de la persona que pronunciar\u00e1 el Preg\u00f3n de la Semana Santa del 2026; se trata del fraile vinarocense <strong>Hno. Francisco Agramunt Red\u00f3<\/strong>, Hermano Hospitalario de Sant Joan de D\u00e9u. Por su parte, el conciliario de la Federaci\u00f3n, Mn. Emilio Vinaixa, presente en el acto, ha desgranado los aspectos m\u00e1s destacables de la vida del Hno. Francisco en lo que respecta en su trayectoria cristiana de ayuda y servicio a los m\u00e1s necesitados.<\/p>\n<p>Cerr\u00f3 el acto el concejal del Ayuntamiento de Vinar\u00f2s, Lluis Gand\u00eda Querol, quien mostr\u00f3 el apoyo incondicional por parte de la administraci\u00f3n local a la Semana Santa de Vinar\u00f2s, siendo \u00e9sta un referente patrimonial, cultural y tur\u00edstico para nuestra ciudad.<\/p>\n","protected":false},"excerpt":{"rendered":"<p>PRESENTACI\u00d3N DEL CARTEL ANUNCIADOR Y PREGONERO DE LA SEMANA SANTA DE VINAR\u00d2S 2026 &nbsp; Este mi\u00e9rcoles d\u00eda 28, ha tenido lugar en el sal\u00f3n g\u00f3tico de la Iglesia Arciprestal, la rueda de prensa en la que la Federaci\u00f3n de Cofrad\u00edas de la Semana Santa de Vinar\u00f2s ha dado a conocer dos temas destacados de la&nbsp;<\/p>\n<p><a class=\"btn btn-style\" href=\"https:\/\/www.semanasantavinaros.es\/ss\/presentacion-del-cartel-anunciador-y-pregonero-de-la-semana-santa-de-vinaros-2026\/\">Continue Reading<\/a><\/p>\n","protected":false},"author":1,"featured_media":1489,"comment_status":"open","ping_status":"open","sticky":false,"template":"","format":"standard","meta":{"_mi_skip_tracking":false},"categories":[6],"tags":[25],"_links":{"self":[{"href":"https:\/\/www.semanasantavinaros.es\/ss\/wp-json\/wp\/v2\/posts\/1487"}],"collection":[{"href":"https:\/\/www.semanasantavinaros.es\/ss\/wp-json\/wp\/v2\/posts"}],"about":[{"href":"https:\/\/www.semanasantavinaros.es\/ss\/wp-json\/wp\/v2\/types\/post"}],"author":[{"embeddable":true,"href":"https:\/\/www.semanasantavinaros.es\/ss\/wp-json\/wp\/v2\/users\/1"}],"replies":[{"embeddable":true,"href":"https:\/\/www.semanasantavinaros.es\/ss\/wp-json\/wp\/v2\/comments?post=1487"}],"version-history":[{"count":1,"href":"https:\/\/www.semanasantavinaros.es\/ss\/wp-json\/wp\/v2\/posts\/1487\/revisions"}],"predecessor-version":[{"id":1490,"href":"https:\/\/www.semanasantavinaros.es\/ss\/wp-json\/wp\/v2\/posts\/1487\/revisions\/1490"}],"wp:featuredmedia":[{"embeddable":true,"href":"https:\/\/www.semanasantavinaros.es\/ss\/wp-json\/wp\/v2\/media\/1489"}],"wp:attachment":[{"href":"https:\/\/www.semanasantavinaros.es\/ss\/wp-json\/wp\/v2\/media?parent=1487"}],"wp:term":[{"taxonomy":"category","embeddable":true,"href":"https:\/\/www.semanasantavinaros.es\/ss\/wp-json\/wp\/v2\/categories?post=1487"},{"taxonomy":"post_tag","embeddable":true,"href":"https:\/\/www.semanasantavinaros.es\/ss\/wp-json\/wp\/v2\/tags?post=1487"}],"curies":[{"name":"wp","href":"https:\/\/api.w.org\/{rel}","templated":true}]}}