{"id":1500,"date":"2026-03-12T07:36:29","date_gmt":"2026-03-12T07:36:29","guid":{"rendered":"https:\/\/www.semanasantavinaros.es\/ss\/?p=1500"},"modified":"2026-03-12T07:36:29","modified_gmt":"2026-03-12T07:36:29","slug":"presentada-la-programacion-de-la-semana-santa-de-vinaros-2026","status":"publish","type":"post","link":"https:\/\/www.semanasantavinaros.es\/ss\/presentada-la-programacion-de-la-semana-santa-de-vinaros-2026\/","title":{"rendered":"Presentada la programaci\u00f3n de la Semana Santa de Vinar\u00f2s 2026"},"content":{"rendered":"<p><strong>Presentada la programaci\u00f3n de la Semana Santa de Vinar\u00f2s 2026<\/strong><\/p>\n<p>&nbsp;<\/p>\n<p><img decoding=\"async\" loading=\"lazy\" class=\"aligncenter size-full wp-image-1501\" src=\"https:\/\/www.semanasantavinaros.es\/ss\/wp-content\/uploads\/image-10.jpeg\" alt=\"\" width=\"1600\" height=\"900\" srcset=\"https:\/\/www.semanasantavinaros.es\/ss\/wp-content\/uploads\/image-10.jpeg 1600w, https:\/\/www.semanasantavinaros.es\/ss\/wp-content\/uploads\/image-10-300x169.jpeg 300w, https:\/\/www.semanasantavinaros.es\/ss\/wp-content\/uploads\/image-10-1024x576.jpeg 1024w, https:\/\/www.semanasantavinaros.es\/ss\/wp-content\/uploads\/image-10-768x432.jpeg 768w, https:\/\/www.semanasantavinaros.es\/ss\/wp-content\/uploads\/image-10-1536x864.jpeg 1536w\" sizes=\"(max-width: 1600px) 100vw, 1600px\" \/><\/p>\n<p>El Presidente de la Federaci\u00f3n de Cofrad\u00edas de la Semana Santa de Vinar\u00f2s, Sebasti\u00e1n Torres, ha presentado la programaci\u00f3n de actos para la Semana Santa 2026 en una rueda de prensa celebrada en la Iglesia Arciprestal, con la presencia del consiliario de la Federaci\u00f3n, Mn. Emilio Vinaixa, y de la alcaldesa de Vinar\u00f2s, M\u00aa Dolores Miralles.<\/p>\n<p>El programa incluir\u00e1 actos religiosos, culturales y musicales organizados con la colaboraci\u00f3n del Ayuntamiento de Vinar\u00f2s, la Diputaci\u00f3n de Castell\u00f3n y diversas entidades locales.<\/p>\n<p>Entre las principales propuestas destaca el\u00a0<strong>III Ciclo de M\u00fasica Sacra<\/strong>, el preg\u00f3n de Semana Santa a cargo de\u00a0<strong>Francisco Agramunt Red\u00f3<\/strong>, as\u00ed como conferencias, representaciones teatrales y actividades educativas para escolares.<\/p>\n<p>Las procesiones del\u00a0<strong>Jueves Santo, Viernes Santo y Domingo de Resurrecci\u00f3n<\/strong>, junto con el tradicional\u00a0<strong>V\u00eda Crucis del Puerto<\/strong>\u00a0y la\u00a0<strong>procesi\u00f3n infantil<\/strong>, volver\u00e1n a reunir a las quince cofrad\u00edas de la ciudad.<\/p>\n<p>Adem\u00e1s, este a\u00f1o las cofrad\u00edas colaborar\u00e1n con\u00a0<strong>C\u00e1ritas Interparroquial<\/strong>\u00a0mediante el\u00a0<strong>Reto C\u00e1ritas<\/strong>, una campa\u00f1a solidaria de recogida de pa\u00f1ales y toallitas para beb\u00e9s.<\/p>\n<p>La Semana Santa de Vinar\u00f2s, declarada fiesta de inter\u00e9s tur\u00edstico auton\u00f3mico, volver\u00e1 as\u00ed a combinar tradici\u00f3n, cultura, m\u00fasica y devoci\u00f3n en una de las celebraciones m\u00e1s arraigadas de la ciudad.<\/p>\n<p><img decoding=\"async\" loading=\"lazy\" class=\"aligncenter size-full wp-image-1493\" src=\"https:\/\/www.semanasantavinaros.es\/ss\/wp-content\/uploads\/Semana_Santa_2026-scaled.jpg\" alt=\"\" width=\"1781\" height=\"2560\" srcset=\"https:\/\/www.semanasantavinaros.es\/ss\/wp-content\/uploads\/Semana_Santa_2026-scaled.jpg 1781w, https:\/\/www.semanasantavinaros.es\/ss\/wp-content\/uploads\/Semana_Santa_2026-209x300.jpg 209w, https:\/\/www.semanasantavinaros.es\/ss\/wp-content\/uploads\/Semana_Santa_2026-712x1024.jpg 712w, https:\/\/www.semanasantavinaros.es\/ss\/wp-content\/uploads\/Semana_Santa_2026-768x1104.jpg 768w, https:\/\/www.semanasantavinaros.es\/ss\/wp-content\/uploads\/Semana_Santa_2026-1068x1536.jpg 1068w, https:\/\/www.semanasantavinaros.es\/ss\/wp-content\/uploads\/Semana_Santa_2026-1425x2048.jpg 1425w\" sizes=\"(max-width: 1781px) 100vw, 1781px\" \/><\/p>\n<p><img decoding=\"async\" loading=\"lazy\" class=\"aligncenter size-full wp-image-1502\" src=\"https:\/\/www.semanasantavinaros.es\/ss\/wp-content\/uploads\/conciertos-2026-en-tamano-grande.jpeg\" alt=\"\" width=\"910\" height=\"1280\" srcset=\"https:\/\/www.semanasantavinaros.es\/ss\/wp-content\/uploads\/conciertos-2026-en-tamano-grande.jpeg 910w, https:\/\/www.semanasantavinaros.es\/ss\/wp-content\/uploads\/conciertos-2026-en-tamano-grande-213x300.jpeg 213w, https:\/\/www.semanasantavinaros.es\/ss\/wp-content\/uploads\/conciertos-2026-en-tamano-grande-728x1024.jpeg 728w, https:\/\/www.semanasantavinaros.es\/ss\/wp-content\/uploads\/conciertos-2026-en-tamano-grande-768x1080.jpeg 768w\" sizes=\"(max-width: 910px) 100vw, 910px\" \/> <img decoding=\"async\" loading=\"lazy\" class=\"aligncenter size-full wp-image-1503\" src=\"https:\/\/www.semanasantavinaros.es\/ss\/wp-content\/uploads\/los-10-mandamientos-2026-en-tamano-grande.jpeg\" alt=\"\" width=\"910\" height=\"1280\" srcset=\"https:\/\/www.semanasantavinaros.es\/ss\/wp-content\/uploads\/los-10-mandamientos-2026-en-tamano-grande.jpeg 910w, https:\/\/www.semanasantavinaros.es\/ss\/wp-content\/uploads\/los-10-mandamientos-2026-en-tamano-grande-213x300.jpeg 213w, https:\/\/www.semanasantavinaros.es\/ss\/wp-content\/uploads\/los-10-mandamientos-2026-en-tamano-grande-728x1024.jpeg 728w, https:\/\/www.semanasantavinaros.es\/ss\/wp-content\/uploads\/los-10-mandamientos-2026-en-tamano-grande-768x1080.jpeg 768w\" sizes=\"(max-width: 910px) 100vw, 910px\" \/> <img decoding=\"async\" loading=\"lazy\" class=\"aligncenter size-full wp-image-1504\" src=\"https:\/\/www.semanasantavinaros.es\/ss\/wp-content\/uploads\/PASIO-CASTELL-VELL26-en-tamano-grande.jpeg\" alt=\"\" width=\"910\" height=\"1280\" srcset=\"https:\/\/www.semanasantavinaros.es\/ss\/wp-content\/uploads\/PASIO-CASTELL-VELL26-en-tamano-grande.jpeg 910w, https:\/\/www.semanasantavinaros.es\/ss\/wp-content\/uploads\/PASIO-CASTELL-VELL26-en-tamano-grande-213x300.jpeg 213w, https:\/\/www.semanasantavinaros.es\/ss\/wp-content\/uploads\/PASIO-CASTELL-VELL26-en-tamano-grande-728x1024.jpeg 728w, https:\/\/www.semanasantavinaros.es\/ss\/wp-content\/uploads\/PASIO-CASTELL-VELL26-en-tamano-grande-768x1080.jpeg 768w\" sizes=\"(max-width: 910px) 100vw, 910px\" \/> <img decoding=\"async\" loading=\"lazy\" class=\"aligncenter size-full wp-image-1505\" src=\"https:\/\/www.semanasantavinaros.es\/ss\/wp-content\/uploads\/procesion-infantil-26-en-tamano-grande.jpeg\" alt=\"\" width=\"905\" height=\"1280\" srcset=\"https:\/\/www.semanasantavinaros.es\/ss\/wp-content\/uploads\/procesion-infantil-26-en-tamano-grande.jpeg 905w, https:\/\/www.semanasantavinaros.es\/ss\/wp-content\/uploads\/procesion-infantil-26-en-tamano-grande-212x300.jpeg 212w, https:\/\/www.semanasantavinaros.es\/ss\/wp-content\/uploads\/procesion-infantil-26-en-tamano-grande-724x1024.jpeg 724w, https:\/\/www.semanasantavinaros.es\/ss\/wp-content\/uploads\/procesion-infantil-26-en-tamano-grande-768x1086.jpeg 768w\" sizes=\"(max-width: 905px) 100vw, 905px\" \/> <img decoding=\"async\" loading=\"lazy\" class=\"aligncenter size-full wp-image-1506\" src=\"https:\/\/www.semanasantavinaros.es\/ss\/wp-content\/uploads\/RETO-CARITAS-26-en-tamano-grande.jpeg\" alt=\"\" width=\"910\" height=\"1280\" srcset=\"https:\/\/www.semanasantavinaros.es\/ss\/wp-content\/uploads\/RETO-CARITAS-26-en-tamano-grande.jpeg 910w, https:\/\/www.semanasantavinaros.es\/ss\/wp-content\/uploads\/RETO-CARITAS-26-en-tamano-grande-213x300.jpeg 213w, https:\/\/www.semanasantavinaros.es\/ss\/wp-content\/uploads\/RETO-CARITAS-26-en-tamano-grande-728x1024.jpeg 728w, https:\/\/www.semanasantavinaros.es\/ss\/wp-content\/uploads\/RETO-CARITAS-26-en-tamano-grande-768x1080.jpeg 768w\" sizes=\"(max-width: 910px) 100vw, 910px\" \/><\/p>\n","protected":false},"excerpt":{"rendered":"<p>Presentada la programaci\u00f3n de la Semana Santa de Vinar\u00f2s 2026 &nbsp; El Presidente de la Federaci\u00f3n de Cofrad\u00edas de la Semana Santa de Vinar\u00f2s, Sebasti\u00e1n Torres, ha presentado la programaci\u00f3n de actos para la Semana Santa 2026 en una rueda de prensa celebrada en la Iglesia Arciprestal, con la presencia del consiliario de la Federaci\u00f3n,&nbsp;<\/p>\n<p><a class=\"btn btn-style\" href=\"https:\/\/www.semanasantavinaros.es\/ss\/presentada-la-programacion-de-la-semana-santa-de-vinaros-2026\/\">Continue Reading<\/a><\/p>\n","protected":false},"author":1,"featured_media":1501,"comment_status":"open","ping_status":"open","sticky":false,"template":"","format":"standard","meta":{"_mi_skip_tracking":false},"categories":[1],"tags":[26],"_links":{"self":[{"href":"https:\/\/www.semanasantavinaros.es\/ss\/wp-json\/wp\/v2\/posts\/1500"}],"collection":[{"href":"https:\/\/www.semanasantavinaros.es\/ss\/wp-json\/wp\/v2\/posts"}],"about":[{"href":"https:\/\/www.semanasantavinaros.es\/ss\/wp-json\/wp\/v2\/types\/post"}],"author":[{"embeddable":true,"href":"https:\/\/www.semanasantavinaros.es\/ss\/wp-json\/wp\/v2\/users\/1"}],"replies":[{"embeddable":true,"href":"https:\/\/www.semanasantavinaros.es\/ss\/wp-json\/wp\/v2\/comments?post=1500"}],"version-history":[{"count":1,"href":"https:\/\/www.semanasantavinaros.es\/ss\/wp-json\/wp\/v2\/posts\/1500\/revisions"}],"predecessor-version":[{"id":1507,"href":"https:\/\/www.semanasantavinaros.es\/ss\/wp-json\/wp\/v2\/posts\/1500\/revisions\/1507"}],"wp:featuredmedia":[{"embeddable":true,"href":"https:\/\/www.semanasantavinaros.es\/ss\/wp-json\/wp\/v2\/media\/1501"}],"wp:attachment":[{"href":"https:\/\/www.semanasantavinaros.es\/ss\/wp-json\/wp\/v2\/media?parent=1500"}],"wp:term":[{"taxonomy":"category","embeddable":true,"href":"https:\/\/www.semanasantavinaros.es\/ss\/wp-json\/wp\/v2\/categories?post=1500"},{"taxonomy":"post_tag","embeddable":true,"href":"https:\/\/www.semanasantavinaros.es\/ss\/wp-json\/wp\/v2\/tags?post=1500"}],"curies":[{"name":"wp","href":"https:\/\/api.w.org\/{rel}","templated":true}]}}