{"id":670,"date":"2016-02-24T17:48:02","date_gmt":"2016-02-24T17:48:02","guid":{"rendered":"https:\/\/www.semanasantavinaros.es\/ss\/?p=670"},"modified":"2016-02-24T17:48:02","modified_gmt":"2016-02-24T17:48:02","slug":"concurso-de-carteles-de-semana-santa-2016","status":"publish","type":"post","link":"https:\/\/www.semanasantavinaros.es\/ss\/concurso-de-carteles-de-semana-santa-2016\/","title":{"rendered":"Concurso de carteles de Semana Santa 2016"},"content":{"rendered":"<p><img decoding=\"async\" loading=\"lazy\" class=\"alignnone size-full wp-image-671\" src=\"https:\/\/www.semanasantavinaros.es\/ss\/wp-content\/uploads\/f9918116g.jpg\" alt=\"f9918116g\" width=\"642\" height=\"210\" srcset=\"https:\/\/www.semanasantavinaros.es\/ss\/wp-content\/uploads\/f9918116g.jpg 642w, https:\/\/www.semanasantavinaros.es\/ss\/wp-content\/uploads\/f9918116g-300x98.jpg 300w\" sizes=\"(max-width: 642px) 100vw, 642px\" \/><\/p>\n<p>El concurso de carteles de Semana Santa 2016 de Vinar\u00f2s ha sido ganado por el vinarocense Javier P\u00e9rez Roig, quien ya venciera en ediciones anteriores, con su obra \u201cEl cam\u00ed que ens porta a l\u2019esperan\u00e7a\u201d. En segundo lugar qued\u00f3 el cartel de Teresa Juan Vidal y tercero fue el de David Aguado Aixal\u00e0, ambos tambi\u00e9n de Vinar\u00f2s. El presidente de la Federaci\u00f3n de Cofrad\u00edas de Semana Santa Salvador Oliver lament\u00f3 la escasa participaci\u00f3n, solo ha habido cuatro carteles este a\u00f1o. Lo achac\u00f3 al elevado coste que supone imprimir el cartel para presentarlo al concurso, rechazando que no se le haya dado suficiente difusi\u00f3n y es que ha habido m\u00e1s de 6.000 visitas a las bases del concurso a trav\u00e9s del Facebook de la Federaci\u00f3n.<\/p>\n","protected":false},"excerpt":{"rendered":"<p>El concurso de carteles de Semana Santa 2016 de Vinar\u00f2s ha sido ganado por el vinarocense Javier P\u00e9rez Roig, quien ya venciera en ediciones anteriores, con su obra \u201cEl cam\u00ed que ens porta a l\u2019esperan\u00e7a\u201d. En segundo lugar qued\u00f3 el cartel de Teresa Juan Vidal y tercero fue el de David Aguado Aixal\u00e0, ambos tambi\u00e9n&nbsp;<\/p>\n<p><a class=\"btn btn-style\" href=\"https:\/\/www.semanasantavinaros.es\/ss\/concurso-de-carteles-de-semana-santa-2016\/\">Continue Reading<\/a><\/p>\n","protected":false},"author":1,"featured_media":671,"comment_status":"open","ping_status":"open","sticky":false,"template":"","format":"standard","meta":{"_mi_skip_tracking":false},"categories":[6],"tags":[],"_links":{"self":[{"href":"https:\/\/www.semanasantavinaros.es\/ss\/wp-json\/wp\/v2\/posts\/670"}],"collection":[{"href":"https:\/\/www.semanasantavinaros.es\/ss\/wp-json\/wp\/v2\/posts"}],"about":[{"href":"https:\/\/www.semanasantavinaros.es\/ss\/wp-json\/wp\/v2\/types\/post"}],"author":[{"embeddable":true,"href":"https:\/\/www.semanasantavinaros.es\/ss\/wp-json\/wp\/v2\/users\/1"}],"replies":[{"embeddable":true,"href":"https:\/\/www.semanasantavinaros.es\/ss\/wp-json\/wp\/v2\/comments?post=670"}],"version-history":[{"count":2,"href":"https:\/\/www.semanasantavinaros.es\/ss\/wp-json\/wp\/v2\/posts\/670\/revisions"}],"predecessor-version":[{"id":673,"href":"https:\/\/www.semanasantavinaros.es\/ss\/wp-json\/wp\/v2\/posts\/670\/revisions\/673"}],"wp:featuredmedia":[{"embeddable":true,"href":"https:\/\/www.semanasantavinaros.es\/ss\/wp-json\/wp\/v2\/media\/671"}],"wp:attachment":[{"href":"https:\/\/www.semanasantavinaros.es\/ss\/wp-json\/wp\/v2\/media?parent=670"}],"wp:term":[{"taxonomy":"category","embeddable":true,"href":"https:\/\/www.semanasantavinaros.es\/ss\/wp-json\/wp\/v2\/categories?post=670"},{"taxonomy":"post_tag","embeddable":true,"href":"https:\/\/www.semanasantavinaros.es\/ss\/wp-json\/wp\/v2\/tags?post=670"}],"curies":[{"name":"wp","href":"https:\/\/api.w.org\/{rel}","templated":true}]}}