{"id":727,"date":"2016-02-24T23:11:59","date_gmt":"2016-02-24T23:11:59","guid":{"rendered":"https:\/\/www.semanasantavinaros.es\/ss\/?p=727"},"modified":"2016-02-24T23:11:59","modified_gmt":"2016-02-24T23:11:59","slug":"setmana-santa-de-vinaros-del-18-al-27-de-marc","status":"publish","type":"post","link":"https:\/\/www.semanasantavinaros.es\/ss\/setmana-santa-de-vinaros-del-18-al-27-de-marc\/","title":{"rendered":"Setmana Santa de Vinar\u00f2s del 18 al 27 de Mar\u00e7"},"content":{"rendered":"<div class=\"td-post-text-content\">\n<p>La Setmana Santa de Vinar\u00f2s, festa d\u2019inter\u00e9s tur\u00edstic auton\u00f2mic, se celebrar\u00e0 del 18 al 27 de Mar\u00e7. \u00a0Us anirem informant de les novetats, programa i altres actes, des de la Federaci\u00f3 de Confraries de la Semana Santa de Vinar\u00f2s.<img decoding=\"async\" loading=\"lazy\" class=\"alignnone size-full wp-image-728\" src=\"https:\/\/www.semanasantavinaros.es\/ss\/wp-content\/uploads\/Cartel-SS2016-700x1033.jpg\" alt=\"Cartel-SS2016-700x1033\" width=\"700\" height=\"1033\" srcset=\"https:\/\/www.semanasantavinaros.es\/ss\/wp-content\/uploads\/Cartel-SS2016-700x1033.jpg 700w, https:\/\/www.semanasantavinaros.es\/ss\/wp-content\/uploads\/Cartel-SS2016-700x1033-203x300.jpg 203w, https:\/\/www.semanasantavinaros.es\/ss\/wp-content\/uploads\/Cartel-SS2016-700x1033-694x1024.jpg 694w\" sizes=\"(max-width: 700px) 100vw, 700px\" \/><\/p>\n<p><em>Cartel ganador de la edici\u00f3n 2016 dise\u00f1ado por Javier P\u00e9rez Roig<\/em><\/p>\n<\/div>\n","protected":false},"excerpt":{"rendered":"<p>La Setmana Santa de Vinar\u00f2s, festa d\u2019inter\u00e9s tur\u00edstic auton\u00f2mic, se celebrar\u00e0 del 18 al 27 de Mar\u00e7. \u00a0Us anirem informant de les novetats, programa i altres actes, des de la Federaci\u00f3 de Confraries de la Semana Santa de Vinar\u00f2s. Cartel ganador de la edici\u00f3n 2016 dise\u00f1ado por Javier P\u00e9rez Roig<\/p>\n","protected":false},"author":1,"featured_media":728,"comment_status":"open","ping_status":"open","sticky":false,"template":"","format":"standard","meta":{"_mi_skip_tracking":false},"categories":[6],"tags":[],"_links":{"self":[{"href":"https:\/\/www.semanasantavinaros.es\/ss\/wp-json\/wp\/v2\/posts\/727"}],"collection":[{"href":"https:\/\/www.semanasantavinaros.es\/ss\/wp-json\/wp\/v2\/posts"}],"about":[{"href":"https:\/\/www.semanasantavinaros.es\/ss\/wp-json\/wp\/v2\/types\/post"}],"author":[{"embeddable":true,"href":"https:\/\/www.semanasantavinaros.es\/ss\/wp-json\/wp\/v2\/users\/1"}],"replies":[{"embeddable":true,"href":"https:\/\/www.semanasantavinaros.es\/ss\/wp-json\/wp\/v2\/comments?post=727"}],"version-history":[{"count":2,"href":"https:\/\/www.semanasantavinaros.es\/ss\/wp-json\/wp\/v2\/posts\/727\/revisions"}],"predecessor-version":[{"id":730,"href":"https:\/\/www.semanasantavinaros.es\/ss\/wp-json\/wp\/v2\/posts\/727\/revisions\/730"}],"wp:featuredmedia":[{"embeddable":true,"href":"https:\/\/www.semanasantavinaros.es\/ss\/wp-json\/wp\/v2\/media\/728"}],"wp:attachment":[{"href":"https:\/\/www.semanasantavinaros.es\/ss\/wp-json\/wp\/v2\/media?parent=727"}],"wp:term":[{"taxonomy":"category","embeddable":true,"href":"https:\/\/www.semanasantavinaros.es\/ss\/wp-json\/wp\/v2\/categories?post=727"},{"taxonomy":"post_tag","embeddable":true,"href":"https:\/\/www.semanasantavinaros.es\/ss\/wp-json\/wp\/v2\/tags?post=727"}],"curies":[{"name":"wp","href":"https:\/\/api.w.org\/{rel}","templated":true}]}}